{"id":1298,"date":"2012-06-12T14:48:45","date_gmt":"2012-06-12T13:48:45","guid":{"rendered":"https:\/\/content.www.institutomaxilofacial.com\/blog\/?p=1298"},"modified":"2012-06-12T14:48:45","modified_gmt":"2012-06-12T13:48:45","slug":"reunion-anual-de-la-sociedad-espanola-de-disfuncion-craneomandibular-y-dolor-orofacial","status":"publish","type":"post","link":"https:\/\/content.www.institutomaxilofacial.com\/ca\/2012\/06\/12\/reunion-anual-de-la-sociedad-espanola-de-disfuncion-craneomandibular-y-dolor-orofacial\/","title":{"rendered":"Reuni\u00f3n Anual de la Sociedad Espa\u00f1ola de Disfunci\u00f3n Craneomandibular y Dolor Orofacial"},"content":{"rendered":"\n\n<div class=\"kk-star-ratings kksr-auto kksr-align-right kksr-valign-top\"\n    data-payload='{&quot;align&quot;:&quot;right&quot;,&quot;id&quot;:&quot;1298&quot;,&quot;slug&quot;:&quot;default&quot;,&quot;valign&quot;:&quot;top&quot;,&quot;ignore&quot;:&quot;&quot;,&quot;reference&quot;:&quot;auto&quot;,&quot;class&quot;:&quot;&quot;,&quot;count&quot;:&quot;0&quot;,&quot;legendonly&quot;:&quot;&quot;,&quot;readonly&quot;:&quot;&quot;,&quot;score&quot;:&quot;0&quot;,&quot;starsonly&quot;:&quot;&quot;,&quot;best&quot;:&quot;5&quot;,&quot;gap&quot;:&quot;5&quot;,&quot;greet&quot;:&quot;Rate this post&quot;,&quot;legend&quot;:&quot;0\\\/5 - (0 votes)&quot;,&quot;size&quot;:&quot;30&quot;,&quot;title&quot;:&quot;Reuni\u00f3n Anual de la Sociedad Espa\u00f1ola de Disfunci\u00f3n Craneomandibular y Dolor Orofacial&quot;,&quot;width&quot;:&quot;0&quot;,&quot;_legend&quot;:&quot;{score}\\\/{best} - ({count} {votes})&quot;,&quot;font_factor&quot;:&quot;1.25&quot;}'>\n            \n<div class=\"kksr-stars\">\n    \n<div class=\"kksr-stars-inactive\">\n            <div class=\"kksr-star\" data-star=\"1\" style=\"padding-right: 5px\">\n            \n\n<div class=\"kksr-icon\" style=\"width: 30px; height: 30px;\"><\/div>\n        <\/div>\n            <div class=\"kksr-star\" data-star=\"2\" style=\"padding-right: 5px\">\n            \n\n<div class=\"kksr-icon\" style=\"width: 30px; height: 30px;\"><\/div>\n        <\/div>\n            <div class=\"kksr-star\" data-star=\"3\" style=\"padding-right: 5px\">\n            \n\n<div class=\"kksr-icon\" style=\"width: 30px; height: 30px;\"><\/div>\n        <\/div>\n            <div class=\"kksr-star\" data-star=\"4\" style=\"padding-right: 5px\">\n            \n\n<div class=\"kksr-icon\" style=\"width: 30px; height: 30px;\"><\/div>\n        <\/div>\n            <div class=\"kksr-star\" data-star=\"5\" style=\"padding-right: 5px\">\n            \n\n<div class=\"kksr-icon\" style=\"width: 30px; height: 30px;\"><\/div>\n        <\/div>\n    <\/div>\n    \n<div class=\"kksr-stars-active\" style=\"width: 0px;\">\n            <div class=\"kksr-star\" style=\"padding-right: 5px\">\n            \n\n<div class=\"kksr-icon\" style=\"width: 30px; height: 30px;\"><\/div>\n        <\/div>\n            <div class=\"kksr-star\" style=\"padding-right: 5px\">\n            \n\n<div class=\"kksr-icon\" style=\"width: 30px; height: 30px;\"><\/div>\n        <\/div>\n            <div class=\"kksr-star\" style=\"padding-right: 5px\">\n            \n\n<div class=\"kksr-icon\" style=\"width: 30px; height: 30px;\"><\/div>\n        <\/div>\n            <div class=\"kksr-star\" style=\"padding-right: 5px\">\n            \n\n<div class=\"kksr-icon\" style=\"width: 30px; height: 30px;\"><\/div>\n        <\/div>\n            <div class=\"kksr-star\" style=\"padding-right: 5px\">\n            \n\n<div class=\"kksr-icon\" style=\"width: 30px; height: 30px;\"><\/div>\n        <\/div>\n    <\/div>\n<\/div>\n                \n\n<div class=\"kksr-legend\" style=\"font-size: 24px;\">\n            <span class=\"kksr-muted\">Rate this post<\/span>\n    <\/div>\n    <\/div>\n<p>El pasado 19 de mayo, tuve ocasi\u00f3n de participar en el Congreso de la Sociedad Espa\u00f1ola de Disfunci\u00f3n Craneoandibular y Dolor Orofacial, celebrado en Valencia.<\/p>\n<p>El evento, magn\u00edficamente organizado por el presidente del Congreso Dr. Antonio Romero, -uno de los mejores especialistas del pa\u00eds en disfunci\u00f3n de la articulaci\u00f3n temporomandibular-, cont\u00f3 con m\u00e1s de una veintena de ponentes internacionales.<\/p>\n<p>Mi conferencia vers\u00f3 sobre la relaci\u00f3n entre Cirug\u00eda Ortogn\u00e1tica y Disfunci\u00f3n Articular. En la misma, defend\u00ed que a pesar de que faltan estudios prospectivos controlados, la cirug\u00eda ortogn\u00e1tica consigue provocar mejor\u00eda objetiva y subjetiva en muchos pacientes con problemas articulares. Esto sucede fundamentalmente en los casos con grandes mordidas abiertas, asociadas a s\u00edndromes de cara larga, y sobremordidas provocadas por falta de desarrollo mandibular.<\/p>\n<p>Present\u00e9, tambi\u00e9n, la experiencia del Instituto Maxilofacial de Barcelona en una larga serie de casos en los que la cirug\u00eda ortogn\u00e1tica consigui\u00f3 mejor\u00eda sustancial en las molestias articulares.<\/p>\n<p>Finalmente, existe un grupo de pacientes en los que las alteraciones articulares son las que provocan deformidades dentofaciales susceptibles de tratamiento con cirug\u00eda ortogn\u00e1tica. Un ejemplo t\u00edpico son las hiperplasias de c\u00f3ndilo mandibular, que provocan crecimiento asim\u00e9trico de la mand\u00edbula y secundariamente de la cara. Muchos de estos casos necesitan una cirug\u00eda inicial articular, para interrumpir el crecimiento alterado de la mand\u00edbula, y en un segundo tiempo una cirug\u00eda mandibular y\/o maxilar que devuelva la simetr\u00eda a la cara y la oclusi\u00f3n a los dientes.<\/p>\n","protected":false},"excerpt":{"rendered":"<p>El pasado 19 de mayo, tuve ocasi\u00f3n de participar en el Congreso de la Sociedad Espa\u00f1ola de Disfunci\u00f3n Craneoandibular y Dolor Orofacial, celebrado en Valencia.<br \/>\nEl evento, magn\u00edficamente organizado por el presidente del Congreso Dr. Antonio Romero, -uno de los mejores especialistas del pa\u00eds en disfunci\u00f3n &#8230;<\/p>\n","protected":false},"author":5,"featured_media":1297,"comment_status":"open","ping_status":"open","sticky":false,"template":"","format":"standard","meta":{"footnotes":""},"categories":[53],"tags":[49,217,218,219,220,142,221],"class_list":["post-1298","post","type-post","status-publish","format-standard","has-post-thumbnail","hentry","category-cirugia-ortognatica-estetica-facial","tag-cirugia-ortognatica","tag-congreso","tag-disfuncion-craneomandibular","tag-dolor-orofacial","tag-dr-antonio-romero","tag-dr-federico-hernandez-alfaro","tag-valencia"],"yoast_head":"<!-- This site is optimized with the Yoast SEO plugin v27.2 - https:\/\/yoast.com\/product\/yoast-seo-wordpress\/ -->\n<title>Reuni\u00f3n Anual de la Sociedad Espa\u00f1ola de Disfunci\u00f3n Craneomandibular y Dolor Orofacial - Instituto Maxilofacial<\/title>\n<meta name=\"robots\" content=\"index, follow, max-snippet:-1, max-image-preview:large, max-video-preview:-1\" \/>\n<link rel=\"canonical\" href=\"https:\/\/content.www.institutomaxilofacial.com\/ca\/wp-json\/wp\/v2\/posts\/1298\/\" \/>\n<meta property=\"og:locale\" content=\"ca_ES\" \/>\n<meta property=\"og:type\" content=\"article\" \/>\n<meta property=\"og:title\" content=\"Reuni\u00f3n Anual de la Sociedad Espa\u00f1ola de Disfunci\u00f3n Craneomandibular y Dolor Orofacial - Instituto Maxilofacial\" \/>\n<meta property=\"og:description\" content=\"El pasado 19 de mayo, tuve ocasi\u00f3n de participar en el Congreso de la Sociedad Espa\u00f1ola de Disfunci\u00f3n Craneoandibular y Dolor Orofacial, celebrado en Valencia. El evento, magn\u00edficamente organizado por el presidente del Congreso Dr. Antonio Romero, -uno de los mejores especialistas del pa\u00eds en disfunci\u00f3n ...\" \/>\n<meta property=\"og:url\" content=\"https:\/\/content.www.institutomaxilofacial.com\/es\/2012\/06\/12\/reunion-anual-de-la-sociedad-espanola-de-disfuncion-craneomandibular-y-dolor-orofacial\/\" \/>\n<meta property=\"og:site_name\" content=\"Instituto Maxilofacial\" \/>\n<meta property=\"article:published_time\" content=\"2012-06-12T13:48:45+00:00\" \/>\n<meta name=\"author\" content=\"Dr. Federico Hern\u00e1ndez Alfaro\" \/>\n<meta name=\"twitter:card\" content=\"summary_large_image\" \/>\n<meta name=\"twitter:label1\" content=\"Written by\" \/>\n\t<meta name=\"twitter:data1\" content=\"Dr. Federico Hern\u00e1ndez Alfaro\" \/>\n\t<meta name=\"twitter:label2\" content=\"Est. reading time\" \/>\n\t<meta name=\"twitter:data2\" content=\"1 minute\" \/>\n<script type=\"application\/ld+json\" class=\"yoast-schema-graph\">{\"@context\":\"https:\/\/schema.org\",\"@graph\":[{\"@type\":\"Article\",\"@id\":\"https:\/\/content.www.institutomaxilofacial.com\/es\/2012\/06\/12\/reunion-anual-de-la-sociedad-espanola-de-disfuncion-craneomandibular-y-dolor-orofacial\/#article\",\"isPartOf\":{\"@id\":\"https:\/\/content.www.institutomaxilofacial.com\/es\/2012\/06\/12\/reunion-anual-de-la-sociedad-espanola-de-disfuncion-craneomandibular-y-dolor-orofacial\/\"},\"author\":{\"name\":\"Dr. Federico Hern\u00e1ndez Alfaro\",\"@id\":\"https:\/\/content.www.institutomaxilofacial.com\/ca\/#\/schema\/person\/66410c38b024bedf980dc3a51e51f03a\"},\"headline\":\"Reuni\u00f3n Anual de la Sociedad Espa\u00f1ola de Disfunci\u00f3n Craneomandibular y Dolor Orofacial\",\"datePublished\":\"2012-06-12T13:48:45+00:00\",\"mainEntityOfPage\":{\"@id\":\"https:\/\/content.www.institutomaxilofacial.com\/es\/2012\/06\/12\/reunion-anual-de-la-sociedad-espanola-de-disfuncion-craneomandibular-y-dolor-orofacial\/\"},\"wordCount\":282,\"commentCount\":0,\"image\":{\"@id\":\"https:\/\/content.www.institutomaxilofacial.com\/es\/2012\/06\/12\/reunion-anual-de-la-sociedad-espanola-de-disfuncion-craneomandibular-y-dolor-orofacial\/#primaryimage\"},\"thumbnailUrl\":\"\",\"keywords\":[\"Cirug\u00eda ortogn\u00e1tica\",\"congreso\",\"Disfunci\u00f3n Craneomandibular\",\"Dolor Orofacial\",\"Dr. Antonio Romero\",\"Dr. Federico Hern\u00e1ndez Alfaro\",\"Valencia\"],\"articleSection\":[\"Ortogn\u00e0tica\"],\"inLanguage\":\"ca-ES\"},{\"@type\":\"WebPage\",\"@id\":\"https:\/\/content.www.institutomaxilofacial.com\/es\/2012\/06\/12\/reunion-anual-de-la-sociedad-espanola-de-disfuncion-craneomandibular-y-dolor-orofacial\/\",\"url\":\"https:\/\/content.www.institutomaxilofacial.com\/es\/2012\/06\/12\/reunion-anual-de-la-sociedad-espanola-de-disfuncion-craneomandibular-y-dolor-orofacial\/\",\"name\":\"Reuni\u00f3n Anual de la Sociedad Espa\u00f1ola de Disfunci\u00f3n Craneomandibular y Dolor Orofacial - Instituto Maxilofacial\",\"isPartOf\":{\"@id\":\"https:\/\/content.www.institutomaxilofacial.com\/ca\/#website\"},\"primaryImageOfPage\":{\"@id\":\"https:\/\/content.www.institutomaxilofacial.com\/es\/2012\/06\/12\/reunion-anual-de-la-sociedad-espanola-de-disfuncion-craneomandibular-y-dolor-orofacial\/#primaryimage\"},\"image\":{\"@id\":\"https:\/\/content.www.institutomaxilofacial.com\/es\/2012\/06\/12\/reunion-anual-de-la-sociedad-espanola-de-disfuncion-craneomandibular-y-dolor-orofacial\/#primaryimage\"},\"thumbnailUrl\":\"\",\"datePublished\":\"2012-06-12T13:48:45+00:00\",\"author\":{\"@id\":\"https:\/\/content.www.institutomaxilofacial.com\/ca\/#\/schema\/person\/66410c38b024bedf980dc3a51e51f03a\"},\"breadcrumb\":{\"@id\":\"https:\/\/content.www.institutomaxilofacial.com\/es\/2012\/06\/12\/reunion-anual-de-la-sociedad-espanola-de-disfuncion-craneomandibular-y-dolor-orofacial\/#breadcrumb\"},\"inLanguage\":\"ca-ES\",\"potentialAction\":[{\"@type\":\"ReadAction\",\"target\":[\"https:\/\/content.www.institutomaxilofacial.com\/es\/2012\/06\/12\/reunion-anual-de-la-sociedad-espanola-de-disfuncion-craneomandibular-y-dolor-orofacial\/\"]}]},{\"@type\":\"ImageObject\",\"inLanguage\":\"ca-ES\",\"@id\":\"https:\/\/content.www.institutomaxilofacial.com\/es\/2012\/06\/12\/reunion-anual-de-la-sociedad-espanola-de-disfuncion-craneomandibular-y-dolor-orofacial\/#primaryimage\",\"url\":\"\",\"contentUrl\":\"\"},{\"@type\":\"BreadcrumbList\",\"@id\":\"https:\/\/content.www.institutomaxilofacial.com\/es\/2012\/06\/12\/reunion-anual-de-la-sociedad-espanola-de-disfuncion-craneomandibular-y-dolor-orofacial\/#breadcrumb\",\"itemListElement\":[{\"@type\":\"ListItem\",\"position\":1,\"name\":\"Portada\",\"item\":\"https:\/\/content.www.institutomaxilofacial.com\/es\/\"},{\"@type\":\"ListItem\",\"position\":2,\"name\":\"Reuni\u00f3n Anual de la Sociedad Espa\u00f1ola de Disfunci\u00f3n Craneomandibular y Dolor Orofacial\"}]},{\"@type\":\"WebSite\",\"@id\":\"https:\/\/content.www.institutomaxilofacial.com\/ca\/#website\",\"url\":\"https:\/\/content.www.institutomaxilofacial.com\/ca\/\",\"name\":\"Instituto Maxilofacial\",\"description\":\"Experts en Cirurgia Oral i Maxil\u00b7lofacial. Precisi\u00f3, experi\u00e8ncia i passi\u00f3 per la innovaci\u00f3\",\"potentialAction\":[{\"@type\":\"SearchAction\",\"target\":{\"@type\":\"EntryPoint\",\"urlTemplate\":\"https:\/\/content.www.institutomaxilofacial.com\/ca\/?s={search_term_string}\"},\"query-input\":{\"@type\":\"PropertyValueSpecification\",\"valueRequired\":true,\"valueName\":\"search_term_string\"}}],\"inLanguage\":\"ca-ES\"},{\"@type\":\"Person\",\"@id\":\"https:\/\/content.www.institutomaxilofacial.com\/ca\/#\/schema\/person\/66410c38b024bedf980dc3a51e51f03a\",\"name\":\"Dr. Federico Hern\u00e1ndez Alfaro\",\"image\":{\"@type\":\"ImageObject\",\"inLanguage\":\"ca-ES\",\"@id\":\"https:\/\/secure.gravatar.com\/avatar\/3be72467d3bf708c88d138ec5abe4d71fd3a6c6d090520fbb45daba4fcf1b48a?s=96&d=mm&r=g\",\"url\":\"https:\/\/secure.gravatar.com\/avatar\/3be72467d3bf708c88d138ec5abe4d71fd3a6c6d090520fbb45daba4fcf1b48a?s=96&d=mm&r=g\",\"contentUrl\":\"https:\/\/secure.gravatar.com\/avatar\/3be72467d3bf708c88d138ec5abe4d71fd3a6c6d090520fbb45daba4fcf1b48a?s=96&d=mm&r=g\",\"caption\":\"Dr. Federico Hern\u00e1ndez Alfaro\"},\"description\":\"Director del Instituto Maxilofacial. Licenciado en Medicina y Odontolog\u00eda. Especialista en Cirug\u00eda Oral y Maxilofacial. Doctor \u201cCum Laude\u201d por la Universidad de Catalu\u00f1a (UIC). Director del Diploma Universitario en Cirug\u00eda Ortogn\u00e1tica de la Universidad Internacional de Catalu\u00f1a (UIC). Profesor Titular y Jefe de Departamento de Cirug\u00eda Oral y Maxilofacial de la Universidad de Catalu\u00f1a (UIC.)\",\"url\":\"https:\/\/content.www.institutomaxilofacial.com\/ca\/author\/fha2\/\"}]}<\/script>\n<!-- \/ Yoast SEO plugin. -->","yoast_head_json":{"title":"Reuni\u00f3n Anual de la Sociedad Espa\u00f1ola de Disfunci\u00f3n Craneomandibular y Dolor Orofacial - Instituto Maxilofacial","robots":{"index":"index","follow":"follow","max-snippet":"max-snippet:-1","max-image-preview":"max-image-preview:large","max-video-preview":"max-video-preview:-1"},"canonical":"https:\/\/content.www.institutomaxilofacial.com\/ca\/wp-json\/wp\/v2\/posts\/1298\/","og_locale":"ca_ES","og_type":"article","og_title":"Reuni\u00f3n Anual de la Sociedad Espa\u00f1ola de Disfunci\u00f3n Craneomandibular y Dolor Orofacial - Instituto Maxilofacial","og_description":"El pasado 19 de mayo, tuve ocasi\u00f3n de participar en el Congreso de la Sociedad Espa\u00f1ola de Disfunci\u00f3n Craneoandibular y Dolor Orofacial, celebrado en Valencia. El evento, magn\u00edficamente organizado por el presidente del Congreso Dr. Antonio Romero, -uno de los mejores especialistas del pa\u00eds en disfunci\u00f3n ...","og_url":"https:\/\/content.www.institutomaxilofacial.com\/es\/2012\/06\/12\/reunion-anual-de-la-sociedad-espanola-de-disfuncion-craneomandibular-y-dolor-orofacial\/","og_site_name":"Instituto Maxilofacial","article_published_time":"2012-06-12T13:48:45+00:00","author":"Dr. Federico Hern\u00e1ndez Alfaro","twitter_card":"summary_large_image","twitter_misc":{"Written by":"Dr. Federico Hern\u00e1ndez Alfaro","Est. reading time":"1 minute"},"schema":{"@context":"https:\/\/schema.org","@graph":[{"@type":"Article","@id":"https:\/\/content.www.institutomaxilofacial.com\/es\/2012\/06\/12\/reunion-anual-de-la-sociedad-espanola-de-disfuncion-craneomandibular-y-dolor-orofacial\/#article","isPartOf":{"@id":"https:\/\/content.www.institutomaxilofacial.com\/es\/2012\/06\/12\/reunion-anual-de-la-sociedad-espanola-de-disfuncion-craneomandibular-y-dolor-orofacial\/"},"author":{"name":"Dr. Federico Hern\u00e1ndez Alfaro","@id":"https:\/\/content.www.institutomaxilofacial.com\/ca\/#\/schema\/person\/66410c38b024bedf980dc3a51e51f03a"},"headline":"Reuni\u00f3n Anual de la Sociedad Espa\u00f1ola de Disfunci\u00f3n Craneomandibular y Dolor Orofacial","datePublished":"2012-06-12T13:48:45+00:00","mainEntityOfPage":{"@id":"https:\/\/content.www.institutomaxilofacial.com\/es\/2012\/06\/12\/reunion-anual-de-la-sociedad-espanola-de-disfuncion-craneomandibular-y-dolor-orofacial\/"},"wordCount":282,"commentCount":0,"image":{"@id":"https:\/\/content.www.institutomaxilofacial.com\/es\/2012\/06\/12\/reunion-anual-de-la-sociedad-espanola-de-disfuncion-craneomandibular-y-dolor-orofacial\/#primaryimage"},"thumbnailUrl":"","keywords":["Cirug\u00eda ortogn\u00e1tica","congreso","Disfunci\u00f3n Craneomandibular","Dolor Orofacial","Dr. Antonio Romero","Dr. Federico Hern\u00e1ndez Alfaro","Valencia"],"articleSection":["Ortogn\u00e0tica"],"inLanguage":"ca-ES"},{"@type":"WebPage","@id":"https:\/\/content.www.institutomaxilofacial.com\/es\/2012\/06\/12\/reunion-anual-de-la-sociedad-espanola-de-disfuncion-craneomandibular-y-dolor-orofacial\/","url":"https:\/\/content.www.institutomaxilofacial.com\/es\/2012\/06\/12\/reunion-anual-de-la-sociedad-espanola-de-disfuncion-craneomandibular-y-dolor-orofacial\/","name":"Reuni\u00f3n Anual de la Sociedad Espa\u00f1ola de Disfunci\u00f3n Craneomandibular y Dolor Orofacial - Instituto Maxilofacial","isPartOf":{"@id":"https:\/\/content.www.institutomaxilofacial.com\/ca\/#website"},"primaryImageOfPage":{"@id":"https:\/\/content.www.institutomaxilofacial.com\/es\/2012\/06\/12\/reunion-anual-de-la-sociedad-espanola-de-disfuncion-craneomandibular-y-dolor-orofacial\/#primaryimage"},"image":{"@id":"https:\/\/content.www.institutomaxilofacial.com\/es\/2012\/06\/12\/reunion-anual-de-la-sociedad-espanola-de-disfuncion-craneomandibular-y-dolor-orofacial\/#primaryimage"},"thumbnailUrl":"","datePublished":"2012-06-12T13:48:45+00:00","author":{"@id":"https:\/\/content.www.institutomaxilofacial.com\/ca\/#\/schema\/person\/66410c38b024bedf980dc3a51e51f03a"},"breadcrumb":{"@id":"https:\/\/content.www.institutomaxilofacial.com\/es\/2012\/06\/12\/reunion-anual-de-la-sociedad-espanola-de-disfuncion-craneomandibular-y-dolor-orofacial\/#breadcrumb"},"inLanguage":"ca-ES","potentialAction":[{"@type":"ReadAction","target":["https:\/\/content.www.institutomaxilofacial.com\/es\/2012\/06\/12\/reunion-anual-de-la-sociedad-espanola-de-disfuncion-craneomandibular-y-dolor-orofacial\/"]}]},{"@type":"ImageObject","inLanguage":"ca-ES","@id":"https:\/\/content.www.institutomaxilofacial.com\/es\/2012\/06\/12\/reunion-anual-de-la-sociedad-espanola-de-disfuncion-craneomandibular-y-dolor-orofacial\/#primaryimage","url":"","contentUrl":""},{"@type":"BreadcrumbList","@id":"https:\/\/content.www.institutomaxilofacial.com\/es\/2012\/06\/12\/reunion-anual-de-la-sociedad-espanola-de-disfuncion-craneomandibular-y-dolor-orofacial\/#breadcrumb","itemListElement":[{"@type":"ListItem","position":1,"name":"Portada","item":"https:\/\/content.www.institutomaxilofacial.com\/es\/"},{"@type":"ListItem","position":2,"name":"Reuni\u00f3n Anual de la Sociedad Espa\u00f1ola de Disfunci\u00f3n Craneomandibular y Dolor Orofacial"}]},{"@type":"WebSite","@id":"https:\/\/content.www.institutomaxilofacial.com\/ca\/#website","url":"https:\/\/content.www.institutomaxilofacial.com\/ca\/","name":"Instituto Maxilofacial","description":"Experts en Cirurgia Oral i Maxil\u00b7lofacial. Precisi\u00f3, experi\u00e8ncia i passi\u00f3 per la innovaci\u00f3","potentialAction":[{"@type":"SearchAction","target":{"@type":"EntryPoint","urlTemplate":"https:\/\/content.www.institutomaxilofacial.com\/ca\/?s={search_term_string}"},"query-input":{"@type":"PropertyValueSpecification","valueRequired":true,"valueName":"search_term_string"}}],"inLanguage":"ca-ES"},{"@type":"Person","@id":"https:\/\/content.www.institutomaxilofacial.com\/ca\/#\/schema\/person\/66410c38b024bedf980dc3a51e51f03a","name":"Dr. Federico Hern\u00e1ndez Alfaro","image":{"@type":"ImageObject","inLanguage":"ca-ES","@id":"https:\/\/secure.gravatar.com\/avatar\/3be72467d3bf708c88d138ec5abe4d71fd3a6c6d090520fbb45daba4fcf1b48a?s=96&d=mm&r=g","url":"https:\/\/secure.gravatar.com\/avatar\/3be72467d3bf708c88d138ec5abe4d71fd3a6c6d090520fbb45daba4fcf1b48a?s=96&d=mm&r=g","contentUrl":"https:\/\/secure.gravatar.com\/avatar\/3be72467d3bf708c88d138ec5abe4d71fd3a6c6d090520fbb45daba4fcf1b48a?s=96&d=mm&r=g","caption":"Dr. Federico Hern\u00e1ndez Alfaro"},"description":"Director del Instituto Maxilofacial. Licenciado en Medicina y Odontolog\u00eda. Especialista en Cirug\u00eda Oral y Maxilofacial. Doctor \u201cCum Laude\u201d por la Universidad de Catalu\u00f1a (UIC). Director del Diploma Universitario en Cirug\u00eda Ortogn\u00e1tica de la Universidad Internacional de Catalu\u00f1a (UIC). Profesor Titular y Jefe de Departamento de Cirug\u00eda Oral y Maxilofacial de la Universidad de Catalu\u00f1a (UIC.)","url":"https:\/\/content.www.institutomaxilofacial.com\/ca\/author\/fha2\/"}]}},"meta_box":{"post-excerpt":""},"_links":{"self":[{"href":"https:\/\/content.www.institutomaxilofacial.com\/ca\/wp-json\/wp\/v2\/posts\/1298","targetHints":{"allow":["GET"]}}],"collection":[{"href":"https:\/\/content.www.institutomaxilofacial.com\/ca\/wp-json\/wp\/v2\/posts"}],"about":[{"href":"https:\/\/content.www.institutomaxilofacial.com\/ca\/wp-json\/wp\/v2\/types\/post"}],"author":[{"embeddable":true,"href":"https:\/\/content.www.institutomaxilofacial.com\/ca\/wp-json\/wp\/v2\/users\/5"}],"replies":[{"embeddable":true,"href":"https:\/\/content.www.institutomaxilofacial.com\/ca\/wp-json\/wp\/v2\/comments?post=1298"}],"version-history":[{"count":0,"href":"https:\/\/content.www.institutomaxilofacial.com\/ca\/wp-json\/wp\/v2\/posts\/1298\/revisions"}],"wp:featuredmedia":[{"embeddable":true,"href":"https:\/\/content.www.institutomaxilofacial.com\/ca\/wp-json\/"}],"wp:attachment":[{"href":"https:\/\/content.www.institutomaxilofacial.com\/ca\/wp-json\/wp\/v2\/media?parent=1298"}],"wp:term":[{"taxonomy":"category","embeddable":true,"href":"https:\/\/content.www.institutomaxilofacial.com\/ca\/wp-json\/wp\/v2\/categories?post=1298"},{"taxonomy":"post_tag","embeddable":true,"href":"https:\/\/content.www.institutomaxilofacial.com\/ca\/wp-json\/wp\/v2\/tags?post=1298"}],"curies":[{"name":"wp","href":"https:\/\/api.w.org\/{rel}","templated":true}]}}