{"id":2936,"date":"2014-06-19T16:45:02","date_gmt":"2014-06-19T15:45:02","guid":{"rendered":"https:\/\/content.www.institutomaxilofacial.com\/blog\/?p=2936"},"modified":"2018-05-24T11:14:40","modified_gmt":"2018-05-24T11:14:40","slug":"aprende-el-lenguaje-de-tu-lengua","status":"publish","type":"post","link":"https:\/\/content.www.institutomaxilofacial.com\/ca\/2014\/06\/19\/aprende-el-lenguaje-de-tu-lengua\/","title":{"rendered":"Aprende el lenguaje de tu lengua"},"content":{"rendered":"<div class=\"kk-star-ratings kksr-auto kksr-align-right kksr-valign-top\"\n    data-payload='{&quot;align&quot;:&quot;right&quot;,&quot;id&quot;:&quot;2936&quot;,&quot;slug&quot;:&quot;default&quot;,&quot;valign&quot;:&quot;top&quot;,&quot;ignore&quot;:&quot;&quot;,&quot;reference&quot;:&quot;auto&quot;,&quot;class&quot;:&quot;&quot;,&quot;count&quot;:&quot;1&quot;,&quot;legendonly&quot;:&quot;&quot;,&quot;readonly&quot;:&quot;&quot;,&quot;score&quot;:&quot;5&quot;,&quot;starsonly&quot;:&quot;&quot;,&quot;best&quot;:&quot;5&quot;,&quot;gap&quot;:&quot;5&quot;,&quot;greet&quot;:&quot;Rate this post&quot;,&quot;legend&quot;:&quot;5\\\/5 - (1 vote)&quot;,&quot;size&quot;:&quot;30&quot;,&quot;title&quot;:&quot;Aprende el lenguaje de tu lengua&quot;,&quot;width&quot;:&quot;172.5&quot;,&quot;_legend&quot;:&quot;{score}\\\/{best} - ({count} {votes})&quot;,&quot;font_factor&quot;:&quot;1.25&quot;}'>\n            \n<div class=\"kksr-stars\">\n    \n<div class=\"kksr-stars-inactive\">\n            <div class=\"kksr-star\" data-star=\"1\" style=\"padding-right: 5px\">\n            \n\n<div class=\"kksr-icon\" style=\"width: 30px; height: 30px;\"><\/div>\n        <\/div>\n            <div class=\"kksr-star\" data-star=\"2\" style=\"padding-right: 5px\">\n            \n\n<div class=\"kksr-icon\" style=\"width: 30px; height: 30px;\"><\/div>\n        <\/div>\n            <div class=\"kksr-star\" data-star=\"3\" style=\"padding-right: 5px\">\n            \n\n<div class=\"kksr-icon\" style=\"width: 30px; height: 30px;\"><\/div>\n        <\/div>\n            <div class=\"kksr-star\" data-star=\"4\" style=\"padding-right: 5px\">\n            \n\n<div class=\"kksr-icon\" style=\"width: 30px; height: 30px;\"><\/div>\n        <\/div>\n            <div class=\"kksr-star\" data-star=\"5\" style=\"padding-right: 5px\">\n            \n\n<div class=\"kksr-icon\" style=\"width: 30px; height: 30px;\"><\/div>\n        <\/div>\n    <\/div>\n    \n<div class=\"kksr-stars-active\" style=\"width: 172.5px;\">\n            <div class=\"kksr-star\" style=\"padding-right: 5px\">\n            \n\n<div class=\"kksr-icon\" style=\"width: 30px; height: 30px;\"><\/div>\n        <\/div>\n            <div class=\"kksr-star\" style=\"padding-right: 5px\">\n            \n\n<div class=\"kksr-icon\" style=\"width: 30px; height: 30px;\"><\/div>\n        <\/div>\n            <div class=\"kksr-star\" style=\"padding-right: 5px\">\n            \n\n<div class=\"kksr-icon\" style=\"width: 30px; height: 30px;\"><\/div>\n        <\/div>\n            <div class=\"kksr-star\" style=\"padding-right: 5px\">\n            \n\n<div class=\"kksr-icon\" style=\"width: 30px; height: 30px;\"><\/div>\n        <\/div>\n            <div class=\"kksr-star\" style=\"padding-right: 5px\">\n            \n\n<div class=\"kksr-icon\" style=\"width: 30px; height: 30px;\"><\/div>\n        <\/div>\n    <\/div>\n<\/div>\n                \n\n<div class=\"kksr-legend\" style=\"font-size: 24px;\">\n            5\/5 - (1 vote)    <\/div>\n    <\/div>\n<p><\/p>\n<p style=\"text-align: justify;\">La <strong>Dra. Vanessa Ruiz Magaz<\/strong> \u00a0nos explica qu\u00e9 puede significar el cambio de coloraci\u00f3n en la mucosa del dorso de la <strong>lengua<\/strong>. Algunas veces se asocia a enfermedades, otras no.<\/p>\n<p style=\"text-align: justify;\">En condiciones de salud, nuestra <strong>lengua<\/strong> presenta una agradable coloraci\u00f3n ros\u00e1cea.<\/p>\n<p style=\"text-align: justify;\">Veamos los otros estados en los que se puede encontrar nuestra lengua a partir de la siguiente <a href=\"http:\/\/www.medicaldaily.com\/tongue-tied-what-your-tongues-appearance-can-tell-you-about-your-health-287578\" target=\"_blank\"><strong>noticia<\/strong><\/a>:<\/p>\n<ul>\n<li style=\"text-align: justify;\">Una coloraci\u00f3n negra puede estar asociada al uso continuado de antis\u00e9pticos orales que contengan <strong>clorhexidina<\/strong>. Al dejar de usar este desinfectante, la coloraci\u00f3n desaparecer\u00e1 en unos d\u00edas.<\/li>\n<li style=\"text-align: justify;\">Una coloraci\u00f3n negra y vellosa suele conocerse como <strong>lengua vellosa o pilosa<\/strong> y suele estar asociada a la mala higiene lingual y por tanto al sobrecrecimiento de c\u00e9lulas en la misma. Est\u00e1 asociada a toma de ciertos medicamentos, mala higiene lingual y consumo de tabaco. No se considera una enfermedad pero s\u00ed suele estar relacionada con la <strong>halitosis<\/strong> o mal aliento.<\/li>\n<li style=\"text-align: justify;\">La aparici\u00f3n de manchas puntuales de color marr\u00f3n es m\u00e1s peligroso ya que puede representar un <strong>melanoma<\/strong>. La detecci\u00f3n y tratamiento precoces de esta entidad son de m\u00e1xima importancia para evitar que el tumor se extienda f\u00e1cilmente por el resto del cuerpo. En caso de duda debe realizarse una consulta con su dentista o m\u00e9dico.<\/li>\n<li style=\"text-align: justify;\">Una <strong>lengua<\/strong> p\u00e1lida puede indicar deshidrataci\u00f3n, respiraci\u00f3n oral pero tambi\u00e9n anemia asociada a la falta de vitaminas o de hierro.<\/li>\n<li style=\"text-align: justify;\"><strong>\u00dalceras<\/strong>: suelen ser de bordes rojizos y la zona central de color blanco\/amarillento. Tambi\u00e9n pueden aparecer en labios y mejillas. No se conoce muy bien por qu\u00e9 aparecen pero pueden estar asociadas a la inyecci\u00f3n de anest\u00e9sicos locales, al trauma tras una intervenci\u00f3n oral o a periodos de estr\u00e9s. Hay condiciones m\u00e9dicas como la <strong>enfermedad de Crohn<\/strong> o <strong>cel\u00edaca<\/strong> que tambi\u00e9n favorecen su aparici\u00f3n.<\/li>\n<li style=\"text-align: justify;\">Las <strong>lenguas<\/strong> blanquecinas con lesiones que se desprenden f\u00e1cilmente suelen representar infecciones por hongos como la <strong>c\u00e1ndida albicans<\/strong> y requieren tratamiento. Las lesiones blanquecinas que no desaparecen en pocos d\u00edas y no se desprenden al rasparlas se conocen como <strong>leucoplasias<\/strong> y requieren de un diagn\u00f3stico mediante biopsia para descartar signos de malignidad. Suelen estar asociadas al uso de pr\u00f3tesis dentales desajustadas y al consumo de tabaco.<\/li>\n<li style=\"text-align: justify;\">Finalmente, las <strong>lenguas<\/strong> <strong>geogr\u00e1ficas<\/strong> son aquellas en las cuales aparecen diferentes coloraciones rojizas y ros\u00e1ceas a modo de parches en la misma lengua y que adem\u00e1s suelen cambiar de forma con el tiempo. No se considera patol\u00f3gico ni requiere tratamiento y en su etiolog\u00eda puede estar asociado a factores gen\u00e9ticos o a enfermedades cr\u00f3nicas de la piel o psoriasis.<\/li>\n<\/ul>\n<p><a href=\"https:\/\/content.www.institutomaxilofacial.com\/blog\/wp-content\/uploads\/2014\/06\/april-mafalda-2.jpg\"><img loading=\"lazy\" decoding=\"async\" class=\"size-medium wp-image-2937 aligncenter\" alt=\"april-mafalda-2\" src=\"https:\/\/content.www.institutomaxilofacial.com\/blog\/wp-content\/uploads\/2014\/06\/april-mafalda-2-256x300.jpg\" width=\"256\" height=\"300\" \/><\/a><\/p>","protected":false},"excerpt":{"rendered":"<p>La Dra. Vanessa Ruiz Magaz \u00a0nos explica qu\u00e9 puede significar el cambio de coloraci\u00f3n en la mucosa del dorso de la lengua. Algunas veces se asocia a enfermedades, otras no.<br \/>\nEn condiciones de salud, nuestra lengua presenta una agradable coloraci\u00f3n ros\u00e1cea.<br \/>\nVeamos los otros estados en los &#8230;<\/p>\n","protected":false},"author":7,"featured_media":2938,"comment_status":"closed","ping_status":"closed","sticky":false,"template":"","format":"standard","meta":{"footnotes":""},"categories":[668,52],"tags":[161,419,654,383,194],"class_list":["post-2936","post","type-post","status-publish","format-standard","has-post-thumbnail","hentry","category-estetica-dental","category-noticias","tag-dra-vanessa-ruiz-magaz","tag-enfermedades-en-la-lengua","tag-estetica-dental","tag-hospital-quiron-teknon","tag-instituto-maxilofacial-barcelona"],"yoast_head":"<!-- This site is optimized with the Yoast SEO plugin v27.2 - https:\/\/yoast.com\/product\/yoast-seo-wordpress\/ -->\n<title>Aprende el lenguaje de tu lengua - Instituto Maxilofacial<\/title>\n<meta name=\"robots\" content=\"index, follow, max-snippet:-1, max-image-preview:large, max-video-preview:-1\" \/>\n<link rel=\"canonical\" href=\"https:\/\/content.www.institutomaxilofacial.com\/ca\/wp-json\/wp\/v2\/posts\/2936\/\" \/>\n<meta property=\"og:locale\" content=\"ca_ES\" \/>\n<meta property=\"og:type\" content=\"article\" \/>\n<meta property=\"og:title\" content=\"Aprende el lenguaje de tu lengua - Instituto Maxilofacial\" \/>\n<meta property=\"og:description\" content=\"La Dra. Vanessa Ruiz Magaz \u00a0nos explica qu\u00e9 puede significar el cambio de coloraci\u00f3n en la mucosa del dorso de la lengua. Algunas veces se asocia a enfermedades, otras no. En condiciones de salud, nuestra lengua presenta una agradable coloraci\u00f3n ros\u00e1cea. Veamos los otros estados en los ...\" \/>\n<meta property=\"og:url\" content=\"https:\/\/content.www.institutomaxilofacial.com\/es\/2014\/06\/19\/aprende-el-lenguaje-de-tu-lengua\/\" \/>\n<meta property=\"og:site_name\" content=\"Instituto Maxilofacial\" \/>\n<meta property=\"article:published_time\" content=\"2014-06-19T15:45:02+00:00\" \/>\n<meta property=\"article:modified_time\" content=\"2018-05-24T11:14:40+00:00\" \/>\n<meta name=\"author\" content=\"Dra. Vanessa Ruiz Magaz\" \/>\n<meta name=\"twitter:card\" content=\"summary_large_image\" \/>\n<meta name=\"twitter:label1\" content=\"Written by\" \/>\n\t<meta name=\"twitter:data1\" content=\"Dra. Vanessa Ruiz Magaz\" \/>\n\t<meta name=\"twitter:label2\" content=\"Est. reading time\" \/>\n\t<meta name=\"twitter:data2\" content=\"7 minutes\" \/>\n<script type=\"application\/ld+json\" class=\"yoast-schema-graph\">{\"@context\":\"https:\/\/schema.org\",\"@graph\":[{\"@type\":\"Article\",\"@id\":\"https:\/\/content.www.institutomaxilofacial.com\/es\/2014\/06\/19\/aprende-el-lenguaje-de-tu-lengua\/#article\",\"isPartOf\":{\"@id\":\"https:\/\/content.www.institutomaxilofacial.com\/es\/2014\/06\/19\/aprende-el-lenguaje-de-tu-lengua\/\"},\"author\":{\"name\":\"Dra. Vanessa Ruiz Magaz\",\"@id\":\"https:\/\/content.www.institutomaxilofacial.com\/ca\/#\/schema\/person\/8d601dafb17a5b565a34050c4da6263c\"},\"headline\":\"Aprende el lenguaje de tu lengua\",\"datePublished\":\"2014-06-19T15:45:02+00:00\",\"dateModified\":\"2018-05-24T11:14:40+00:00\",\"mainEntityOfPage\":{\"@id\":\"https:\/\/content.www.institutomaxilofacial.com\/es\/2014\/06\/19\/aprende-el-lenguaje-de-tu-lengua\/\"},\"wordCount\":1368,\"image\":{\"@id\":\"https:\/\/content.www.institutomaxilofacial.com\/es\/2014\/06\/19\/aprende-el-lenguaje-de-tu-lengua\/#primaryimage\"},\"thumbnailUrl\":\"\",\"keywords\":[\"Dra. Vanessa Ruiz Magaz\",\"Enfermedades en la lengua\",\"est\u00e9tica dental\",\"Hospital Quir\u00f3n Teknon\",\"Instituto Maxilofacial Barcelona\"],\"articleSection\":[\"Est\u00e9tica Dental\",\"Noticias\"],\"inLanguage\":\"ca-ES\"},{\"@type\":\"WebPage\",\"@id\":\"https:\/\/content.www.institutomaxilofacial.com\/es\/2014\/06\/19\/aprende-el-lenguaje-de-tu-lengua\/\",\"url\":\"https:\/\/content.www.institutomaxilofacial.com\/es\/2014\/06\/19\/aprende-el-lenguaje-de-tu-lengua\/\",\"name\":\"Aprende el lenguaje de tu lengua - Instituto Maxilofacial\",\"isPartOf\":{\"@id\":\"https:\/\/content.www.institutomaxilofacial.com\/ca\/#website\"},\"primaryImageOfPage\":{\"@id\":\"https:\/\/content.www.institutomaxilofacial.com\/es\/2014\/06\/19\/aprende-el-lenguaje-de-tu-lengua\/#primaryimage\"},\"image\":{\"@id\":\"https:\/\/content.www.institutomaxilofacial.com\/es\/2014\/06\/19\/aprende-el-lenguaje-de-tu-lengua\/#primaryimage\"},\"thumbnailUrl\":\"\",\"datePublished\":\"2014-06-19T15:45:02+00:00\",\"dateModified\":\"2018-05-24T11:14:40+00:00\",\"author\":{\"@id\":\"https:\/\/content.www.institutomaxilofacial.com\/ca\/#\/schema\/person\/8d601dafb17a5b565a34050c4da6263c\"},\"breadcrumb\":{\"@id\":\"https:\/\/content.www.institutomaxilofacial.com\/es\/2014\/06\/19\/aprende-el-lenguaje-de-tu-lengua\/#breadcrumb\"},\"inLanguage\":\"ca-ES\",\"potentialAction\":[{\"@type\":\"ReadAction\",\"target\":[\"https:\/\/content.www.institutomaxilofacial.com\/es\/2014\/06\/19\/aprende-el-lenguaje-de-tu-lengua\/\"]}]},{\"@type\":\"ImageObject\",\"inLanguage\":\"ca-ES\",\"@id\":\"https:\/\/content.www.institutomaxilofacial.com\/es\/2014\/06\/19\/aprende-el-lenguaje-de-tu-lengua\/#primaryimage\",\"url\":\"\",\"contentUrl\":\"\"},{\"@type\":\"BreadcrumbList\",\"@id\":\"https:\/\/content.www.institutomaxilofacial.com\/es\/2014\/06\/19\/aprende-el-lenguaje-de-tu-lengua\/#breadcrumb\",\"itemListElement\":[{\"@type\":\"ListItem\",\"position\":1,\"name\":\"Portada\",\"item\":\"https:\/\/content.www.institutomaxilofacial.com\/es\/\"},{\"@type\":\"ListItem\",\"position\":2,\"name\":\"Aprende el lenguaje de tu lengua\"}]},{\"@type\":\"WebSite\",\"@id\":\"https:\/\/content.www.institutomaxilofacial.com\/ca\/#website\",\"url\":\"https:\/\/content.www.institutomaxilofacial.com\/ca\/\",\"name\":\"Instituto Maxilofacial\",\"description\":\"Experts en Cirurgia Oral i Maxil\u00b7lofacial. Precisi\u00f3, experi\u00e8ncia i passi\u00f3 per la innovaci\u00f3\",\"potentialAction\":[{\"@type\":\"SearchAction\",\"target\":{\"@type\":\"EntryPoint\",\"urlTemplate\":\"https:\/\/content.www.institutomaxilofacial.com\/ca\/?s={search_term_string}\"},\"query-input\":{\"@type\":\"PropertyValueSpecification\",\"valueRequired\":true,\"valueName\":\"search_term_string\"}}],\"inLanguage\":\"ca-ES\"},{\"@type\":\"Person\",\"@id\":\"https:\/\/content.www.institutomaxilofacial.com\/ca\/#\/schema\/person\/8d601dafb17a5b565a34050c4da6263c\",\"name\":\"Dra. Vanessa Ruiz Magaz\",\"image\":{\"@type\":\"ImageObject\",\"inLanguage\":\"ca-ES\",\"@id\":\"https:\/\/secure.gravatar.com\/avatar\/6d497b2e91d4511ec05d2d52d2318e02e75bbf9d52989d53745ef1d949baab1c?s=96&d=mm&r=g\",\"url\":\"https:\/\/secure.gravatar.com\/avatar\/6d497b2e91d4511ec05d2d52d2318e02e75bbf9d52989d53745ef1d949baab1c?s=96&d=mm&r=g\",\"contentUrl\":\"https:\/\/secure.gravatar.com\/avatar\/6d497b2e91d4511ec05d2d52d2318e02e75bbf9d52989d53745ef1d949baab1c?s=96&d=mm&r=g\",\"caption\":\"Dra. Vanessa Ruiz Magaz\"},\"description\":\"Licenciada en Odontolog\u00eda. Postgrado en Periodoncia. Postgrado en Implantolog\u00eda Oral. Profesora del M\u00e1ster en Periodoncia de la Universidad Internacional de Catalunya (UIC).\",\"url\":\"https:\/\/content.www.institutomaxilofacial.com\/ca\/author\/vruiz\/\"}]}<\/script>\n<!-- \/ Yoast SEO plugin. -->","yoast_head_json":{"title":"Aprende el lenguaje de tu lengua - Instituto Maxilofacial","robots":{"index":"index","follow":"follow","max-snippet":"max-snippet:-1","max-image-preview":"max-image-preview:large","max-video-preview":"max-video-preview:-1"},"canonical":"https:\/\/content.www.institutomaxilofacial.com\/ca\/wp-json\/wp\/v2\/posts\/2936\/","og_locale":"ca_ES","og_type":"article","og_title":"Aprende el lenguaje de tu lengua - Instituto Maxilofacial","og_description":"La Dra. Vanessa Ruiz Magaz \u00a0nos explica qu\u00e9 puede significar el cambio de coloraci\u00f3n en la mucosa del dorso de la lengua. Algunas veces se asocia a enfermedades, otras no. En condiciones de salud, nuestra lengua presenta una agradable coloraci\u00f3n ros\u00e1cea. Veamos los otros estados en los ...","og_url":"https:\/\/content.www.institutomaxilofacial.com\/es\/2014\/06\/19\/aprende-el-lenguaje-de-tu-lengua\/","og_site_name":"Instituto Maxilofacial","article_published_time":"2014-06-19T15:45:02+00:00","article_modified_time":"2018-05-24T11:14:40+00:00","author":"Dra. Vanessa Ruiz Magaz","twitter_card":"summary_large_image","twitter_misc":{"Written by":"Dra. Vanessa Ruiz Magaz","Est. reading time":"7 minutes"},"schema":{"@context":"https:\/\/schema.org","@graph":[{"@type":"Article","@id":"https:\/\/content.www.institutomaxilofacial.com\/es\/2014\/06\/19\/aprende-el-lenguaje-de-tu-lengua\/#article","isPartOf":{"@id":"https:\/\/content.www.institutomaxilofacial.com\/es\/2014\/06\/19\/aprende-el-lenguaje-de-tu-lengua\/"},"author":{"name":"Dra. Vanessa Ruiz Magaz","@id":"https:\/\/content.www.institutomaxilofacial.com\/ca\/#\/schema\/person\/8d601dafb17a5b565a34050c4da6263c"},"headline":"Aprende el lenguaje de tu lengua","datePublished":"2014-06-19T15:45:02+00:00","dateModified":"2018-05-24T11:14:40+00:00","mainEntityOfPage":{"@id":"https:\/\/content.www.institutomaxilofacial.com\/es\/2014\/06\/19\/aprende-el-lenguaje-de-tu-lengua\/"},"wordCount":1368,"image":{"@id":"https:\/\/content.www.institutomaxilofacial.com\/es\/2014\/06\/19\/aprende-el-lenguaje-de-tu-lengua\/#primaryimage"},"thumbnailUrl":"","keywords":["Dra. Vanessa Ruiz Magaz","Enfermedades en la lengua","est\u00e9tica dental","Hospital Quir\u00f3n Teknon","Instituto Maxilofacial Barcelona"],"articleSection":["Est\u00e9tica Dental","Noticias"],"inLanguage":"ca-ES"},{"@type":"WebPage","@id":"https:\/\/content.www.institutomaxilofacial.com\/es\/2014\/06\/19\/aprende-el-lenguaje-de-tu-lengua\/","url":"https:\/\/content.www.institutomaxilofacial.com\/es\/2014\/06\/19\/aprende-el-lenguaje-de-tu-lengua\/","name":"Aprende el lenguaje de tu lengua - Instituto Maxilofacial","isPartOf":{"@id":"https:\/\/content.www.institutomaxilofacial.com\/ca\/#website"},"primaryImageOfPage":{"@id":"https:\/\/content.www.institutomaxilofacial.com\/es\/2014\/06\/19\/aprende-el-lenguaje-de-tu-lengua\/#primaryimage"},"image":{"@id":"https:\/\/content.www.institutomaxilofacial.com\/es\/2014\/06\/19\/aprende-el-lenguaje-de-tu-lengua\/#primaryimage"},"thumbnailUrl":"","datePublished":"2014-06-19T15:45:02+00:00","dateModified":"2018-05-24T11:14:40+00:00","author":{"@id":"https:\/\/content.www.institutomaxilofacial.com\/ca\/#\/schema\/person\/8d601dafb17a5b565a34050c4da6263c"},"breadcrumb":{"@id":"https:\/\/content.www.institutomaxilofacial.com\/es\/2014\/06\/19\/aprende-el-lenguaje-de-tu-lengua\/#breadcrumb"},"inLanguage":"ca-ES","potentialAction":[{"@type":"ReadAction","target":["https:\/\/content.www.institutomaxilofacial.com\/es\/2014\/06\/19\/aprende-el-lenguaje-de-tu-lengua\/"]}]},{"@type":"ImageObject","inLanguage":"ca-ES","@id":"https:\/\/content.www.institutomaxilofacial.com\/es\/2014\/06\/19\/aprende-el-lenguaje-de-tu-lengua\/#primaryimage","url":"","contentUrl":""},{"@type":"BreadcrumbList","@id":"https:\/\/content.www.institutomaxilofacial.com\/es\/2014\/06\/19\/aprende-el-lenguaje-de-tu-lengua\/#breadcrumb","itemListElement":[{"@type":"ListItem","position":1,"name":"Portada","item":"https:\/\/content.www.institutomaxilofacial.com\/es\/"},{"@type":"ListItem","position":2,"name":"Aprende el lenguaje de tu lengua"}]},{"@type":"WebSite","@id":"https:\/\/content.www.institutomaxilofacial.com\/ca\/#website","url":"https:\/\/content.www.institutomaxilofacial.com\/ca\/","name":"Instituto Maxilofacial","description":"Experts en Cirurgia Oral i Maxil\u00b7lofacial. Precisi\u00f3, experi\u00e8ncia i passi\u00f3 per la innovaci\u00f3","potentialAction":[{"@type":"SearchAction","target":{"@type":"EntryPoint","urlTemplate":"https:\/\/content.www.institutomaxilofacial.com\/ca\/?s={search_term_string}"},"query-input":{"@type":"PropertyValueSpecification","valueRequired":true,"valueName":"search_term_string"}}],"inLanguage":"ca-ES"},{"@type":"Person","@id":"https:\/\/content.www.institutomaxilofacial.com\/ca\/#\/schema\/person\/8d601dafb17a5b565a34050c4da6263c","name":"Dra. Vanessa Ruiz Magaz","image":{"@type":"ImageObject","inLanguage":"ca-ES","@id":"https:\/\/secure.gravatar.com\/avatar\/6d497b2e91d4511ec05d2d52d2318e02e75bbf9d52989d53745ef1d949baab1c?s=96&d=mm&r=g","url":"https:\/\/secure.gravatar.com\/avatar\/6d497b2e91d4511ec05d2d52d2318e02e75bbf9d52989d53745ef1d949baab1c?s=96&d=mm&r=g","contentUrl":"https:\/\/secure.gravatar.com\/avatar\/6d497b2e91d4511ec05d2d52d2318e02e75bbf9d52989d53745ef1d949baab1c?s=96&d=mm&r=g","caption":"Dra. Vanessa Ruiz Magaz"},"description":"Licenciada en Odontolog\u00eda. Postgrado en Periodoncia. Postgrado en Implantolog\u00eda Oral. Profesora del M\u00e1ster en Periodoncia de la Universidad Internacional de Catalunya (UIC).","url":"https:\/\/content.www.institutomaxilofacial.com\/ca\/author\/vruiz\/"}]}},"meta_box":{"post-excerpt":""},"_links":{"self":[{"href":"https:\/\/content.www.institutomaxilofacial.com\/ca\/wp-json\/wp\/v2\/posts\/2936","targetHints":{"allow":["GET"]}}],"collection":[{"href":"https:\/\/content.www.institutomaxilofacial.com\/ca\/wp-json\/wp\/v2\/posts"}],"about":[{"href":"https:\/\/content.www.institutomaxilofacial.com\/ca\/wp-json\/wp\/v2\/types\/post"}],"author":[{"embeddable":true,"href":"https:\/\/content.www.institutomaxilofacial.com\/ca\/wp-json\/wp\/v2\/users\/7"}],"replies":[{"embeddable":true,"href":"https:\/\/content.www.institutomaxilofacial.com\/ca\/wp-json\/wp\/v2\/comments?post=2936"}],"version-history":[{"count":1,"href":"https:\/\/content.www.institutomaxilofacial.com\/ca\/wp-json\/wp\/v2\/posts\/2936\/revisions"}],"predecessor-version":[{"id":7803,"href":"https:\/\/content.www.institutomaxilofacial.com\/ca\/wp-json\/wp\/v2\/posts\/2936\/revisions\/7803"}],"wp:featuredmedia":[{"embeddable":true,"href":"https:\/\/content.www.institutomaxilofacial.com\/ca\/wp-json\/"}],"wp:attachment":[{"href":"https:\/\/content.www.institutomaxilofacial.com\/ca\/wp-json\/wp\/v2\/media?parent=2936"}],"wp:term":[{"taxonomy":"category","embeddable":true,"href":"https:\/\/content.www.institutomaxilofacial.com\/ca\/wp-json\/wp\/v2\/categories?post=2936"},{"taxonomy":"post_tag","embeddable":true,"href":"https:\/\/content.www.institutomaxilofacial.com\/ca\/wp-json\/wp\/v2\/tags?post=2936"}],"curies":[{"name":"wp","href":"https:\/\/api.w.org\/{rel}","templated":true}]}}