{"id":3101,"date":"2014-09-09T15:57:13","date_gmt":"2014-09-09T14:57:13","guid":{"rendered":"https:\/\/content.www.institutomaxilofacial.com\/blog\/?p=3101"},"modified":"2020-06-25T14:47:58","modified_gmt":"2020-06-25T12:47:58","slug":"la-cirugia-ortognatica-la-solucion-definitiva-para-el-saos","status":"publish","type":"post","link":"https:\/\/content.www.institutomaxilofacial.com\/ca\/2014\/09\/09\/la-cirugia-ortognatica-la-solucion-definitiva-para-el-saos\/","title":{"rendered":"La cirug\u00eda ortogn\u00e1tica, la soluci\u00f3n definitiva para el SAOS"},"content":{"rendered":"\n\n<div class=\"kk-star-ratings kksr-auto kksr-align-right kksr-valign-top\"\n    data-payload='{&quot;align&quot;:&quot;right&quot;,&quot;id&quot;:&quot;3101&quot;,&quot;slug&quot;:&quot;default&quot;,&quot;valign&quot;:&quot;top&quot;,&quot;ignore&quot;:&quot;&quot;,&quot;reference&quot;:&quot;auto&quot;,&quot;class&quot;:&quot;&quot;,&quot;count&quot;:&quot;0&quot;,&quot;legendonly&quot;:&quot;&quot;,&quot;readonly&quot;:&quot;&quot;,&quot;score&quot;:&quot;0&quot;,&quot;starsonly&quot;:&quot;&quot;,&quot;best&quot;:&quot;5&quot;,&quot;gap&quot;:&quot;5&quot;,&quot;greet&quot;:&quot;Rate this post&quot;,&quot;legend&quot;:&quot;0\\\/5 - (0 votes)&quot;,&quot;size&quot;:&quot;30&quot;,&quot;title&quot;:&quot;La cirug\u00eda ortogn\u00e1tica, la soluci\u00f3n definitiva para el SAOS&quot;,&quot;width&quot;:&quot;0&quot;,&quot;_legend&quot;:&quot;{score}\\\/{best} - ({count} {votes})&quot;,&quot;font_factor&quot;:&quot;1.25&quot;}'>\n            \n<div class=\"kksr-stars\">\n    \n<div class=\"kksr-stars-inactive\">\n            <div class=\"kksr-star\" data-star=\"1\" style=\"padding-right: 5px\">\n            \n\n<div class=\"kksr-icon\" style=\"width: 30px; height: 30px;\"><\/div>\n        <\/div>\n            <div class=\"kksr-star\" data-star=\"2\" style=\"padding-right: 5px\">\n            \n\n<div class=\"kksr-icon\" style=\"width: 30px; height: 30px;\"><\/div>\n        <\/div>\n            <div class=\"kksr-star\" data-star=\"3\" style=\"padding-right: 5px\">\n            \n\n<div class=\"kksr-icon\" style=\"width: 30px; height: 30px;\"><\/div>\n        <\/div>\n            <div class=\"kksr-star\" data-star=\"4\" style=\"padding-right: 5px\">\n            \n\n<div class=\"kksr-icon\" style=\"width: 30px; height: 30px;\"><\/div>\n        <\/div>\n            <div class=\"kksr-star\" data-star=\"5\" style=\"padding-right: 5px\">\n            \n\n<div class=\"kksr-icon\" style=\"width: 30px; height: 30px;\"><\/div>\n        <\/div>\n    <\/div>\n    \n<div class=\"kksr-stars-active\" style=\"width: 0px;\">\n            <div class=\"kksr-star\" style=\"padding-right: 5px\">\n            \n\n<div class=\"kksr-icon\" style=\"width: 30px; height: 30px;\"><\/div>\n        <\/div>\n            <div class=\"kksr-star\" style=\"padding-right: 5px\">\n            \n\n<div class=\"kksr-icon\" style=\"width: 30px; height: 30px;\"><\/div>\n        <\/div>\n            <div class=\"kksr-star\" style=\"padding-right: 5px\">\n            \n\n<div class=\"kksr-icon\" style=\"width: 30px; height: 30px;\"><\/div>\n        <\/div>\n            <div class=\"kksr-star\" style=\"padding-right: 5px\">\n            \n\n<div class=\"kksr-icon\" style=\"width: 30px; height: 30px;\"><\/div>\n        <\/div>\n            <div class=\"kksr-star\" style=\"padding-right: 5px\">\n            \n\n<div class=\"kksr-icon\" style=\"width: 30px; height: 30px;\"><\/div>\n        <\/div>\n    <\/div>\n<\/div>\n                \n\n<div class=\"kksr-legend\" style=\"font-size: 24px;\">\n            <span class=\"kksr-muted\">Rate this post<\/span>\n    <\/div>\n    <\/div>\n<p style=\"text-align: justify;\">La <strong>Dra. Raquel Guijarro<\/strong> nos comenta, a partir de un <a href=\"http:\/\/www.drugs.com\/news\/sleep-apnea-helps-seniors-study-finds-52919.html\" target=\"_blank\" rel=\"noopener noreferrer\">estudio<\/a> reciente, qu\u00e9 es el <strong>S\u00edndrome de Apnea Obstructiva del Sue\u00f1o<\/strong>.<\/p>\n<p style=\"text-align: justify;\">El <strong>S\u00edndrome de Apnea Obstructiva del Sue\u00f1o<\/strong>, conocido con el acr\u00f3nimo de <strong>SAOS<\/strong>, se ha convertido en la nueva epidemia del siglo XXI.<\/p>\n<p style=\"text-align: justify;\">La interrupci\u00f3n del flujo a\u00e9reo por obstrucci\u00f3n de la <strong>v\u00eda a\u00e9rea<\/strong> superior durante el sue\u00f1o ocasiona la disminuci\u00f3n de los niveles de ox\u00edgeno en sangre.<\/p>\n<p style=\"text-align: justify;\">El cerebro responde activando mecanismos para vencer esa obstrucci\u00f3n, los cuales acaban causando m\u00faltiples despertares y con ellos una disminuci\u00f3n de la calidad del sue\u00f1o, cansancio diurno, problemas de concentraci\u00f3n y aumento del riesgo de accidentes. Adem\u00e1s, la evidencia cient\u00edfica demuestra que los pacientes con <strong>SAOS<\/strong> tienen mayor riesgo de presentar o agravar problemas m\u00e9dicos como <strong>hipertensi\u00f3n arterial<\/strong>, <strong>alteraciones hormonales y metab\u00f3licas<\/strong> y, con todo ello, presentan una menor esperanza de vida.<\/p>\n<p style=\"text-align: justify;\">La <strong>cirug\u00eda ortogn\u00e1tica<\/strong>\u00a0-cirug\u00eda que modifica la posici\u00f3n de los huesos de la cara- es actualmente el \u00fanico tratamiento capaz de incrementar las dimensiones de la v\u00eda a\u00e9rea superior de manera eficaz y definitiva de modo que no se obstruya el flujo de aire durante el sue\u00f1o.<\/p>\n<p style=\"text-align: justify;\">El equipo del <strong>Instituto Maxilofacial<\/strong> tiene una amplia experiencia en esta cirug\u00eda, que se realiza sistem\u00e1ticamente con planificaci\u00f3n virtual tridimensional, procedimientos m\u00ednimamente invasivos y estancia hospitalaria m\u00ednima.<\/p>\n","protected":false},"excerpt":{"rendered":"<p>La Dra. Raquel Guijarro nos comenta, a partir de un estudio reciente, qu\u00e9 es el S\u00edndrome de Apnea Obstructiva del Sue\u00f1o.<br \/>\nEl S\u00edndrome de Apnea Obstructiva del Sue\u00f1o, conocido con el acr\u00f3nimo de SAOS, se ha convertido en la nueva epidemia del siglo XXI.<br \/>\nLa interrupci\u00f3n del &#8230;<\/p>\n","protected":false},"author":5,"featured_media":3103,"comment_status":"closed","ping_status":"closed","sticky":false,"template":"","format":"standard","meta":{"footnotes":""},"categories":[53],"tags":[149,449,194,450,451],"class_list":["post-3101","post","type-post","status-publish","format-standard","has-post-thumbnail","hentry","category-cirugia-ortognatica-estetica-facial","tag-apnea-del-sueno","tag-dra-raquel-guijarro","tag-instituto-maxilofacial-barcelona","tag-saos","tag-sindrome-de-apnea-obstructiva-del-sueno"],"yoast_head":"<!-- This site is optimized with the Yoast SEO plugin v27.4 - https:\/\/yoast.com\/product\/yoast-seo-wordpress\/ -->\n<title>La cirug\u00eda ortogn\u00e1tica, la soluci\u00f3n definitiva para el SAOS - Instituto Maxilofacial<\/title>\n<meta name=\"robots\" content=\"index, follow, max-snippet:-1, max-image-preview:large, max-video-preview:-1\" \/>\n<link rel=\"canonical\" href=\"https:\/\/content.www.institutomaxilofacial.com\/ca\/wp-json\/wp\/v2\/posts\/3101\/\" \/>\n<meta property=\"og:locale\" content=\"ca_ES\" \/>\n<meta property=\"og:type\" content=\"article\" \/>\n<meta property=\"og:title\" content=\"La cirug\u00eda ortogn\u00e1tica, la soluci\u00f3n definitiva para el SAOS - Instituto Maxilofacial\" \/>\n<meta property=\"og:description\" content=\"La Dra. Raquel Guijarro nos comenta, a partir de un estudio reciente, qu\u00e9 es el S\u00edndrome de Apnea Obstructiva del Sue\u00f1o. El S\u00edndrome de Apnea Obstructiva del Sue\u00f1o, conocido con el acr\u00f3nimo de SAOS, se ha convertido en la nueva epidemia del siglo XXI. La interrupci\u00f3n del ...\" \/>\n<meta property=\"og:url\" content=\"https:\/\/content.www.institutomaxilofacial.com\/es\/2014\/09\/09\/la-cirugia-ortognatica-la-solucion-definitiva-para-el-saos\/\" \/>\n<meta property=\"og:site_name\" content=\"Instituto Maxilofacial\" \/>\n<meta property=\"article:published_time\" content=\"2014-09-09T14:57:13+00:00\" \/>\n<meta property=\"article:modified_time\" content=\"2020-06-25T12:47:58+00:00\" \/>\n<meta name=\"author\" content=\"Dr. Federico Hern\u00e1ndez Alfaro\" \/>\n<meta name=\"twitter:card\" content=\"summary_large_image\" \/>\n<meta name=\"twitter:label1\" content=\"Written by\" \/>\n\t<meta name=\"twitter:data1\" content=\"Dr. Federico Hern\u00e1ndez Alfaro\" \/>\n\t<meta name=\"twitter:label2\" content=\"Est. reading time\" \/>\n\t<meta name=\"twitter:data2\" content=\"1 minute\" \/>\n<script type=\"application\/ld+json\" class=\"yoast-schema-graph\">{\"@context\":\"https:\\\/\\\/schema.org\",\"@graph\":[{\"@type\":\"Article\",\"@id\":\"https:\\\/\\\/content.www.institutomaxilofacial.com\\\/es\\\/2014\\\/09\\\/09\\\/la-cirugia-ortognatica-la-solucion-definitiva-para-el-saos\\\/#article\",\"isPartOf\":{\"@id\":\"https:\\\/\\\/content.www.institutomaxilofacial.com\\\/es\\\/2014\\\/09\\\/09\\\/la-cirugia-ortognatica-la-solucion-definitiva-para-el-saos\\\/\"},\"author\":{\"name\":\"Dr. Federico Hern\u00e1ndez Alfaro\",\"@id\":\"https:\\\/\\\/content.www.institutomaxilofacial.com\\\/ca\\\/#\\\/schema\\\/person\\\/66410c38b024bedf980dc3a51e51f03a\"},\"headline\":\"La cirug\u00eda ortogn\u00e1tica, la soluci\u00f3n definitiva para el SAOS\",\"datePublished\":\"2014-09-09T14:57:13+00:00\",\"dateModified\":\"2020-06-25T12:47:58+00:00\",\"mainEntityOfPage\":{\"@id\":\"https:\\\/\\\/content.www.institutomaxilofacial.com\\\/es\\\/2014\\\/09\\\/09\\\/la-cirugia-ortognatica-la-solucion-definitiva-para-el-saos\\\/\"},\"wordCount\":262,\"image\":{\"@id\":\"https:\\\/\\\/content.www.institutomaxilofacial.com\\\/es\\\/2014\\\/09\\\/09\\\/la-cirugia-ortognatica-la-solucion-definitiva-para-el-saos\\\/#primaryimage\"},\"thumbnailUrl\":\"\",\"keywords\":[\"apnea del sue\u00f1o\",\"Dra. Raquel Guijarro\",\"Instituto Maxilofacial Barcelona\",\"SAOS\",\"S\u00edndrome de Apnea Obstructiva del Sue\u00f1o\"],\"articleSection\":[\"Ortogn\u00e0tica\"],\"inLanguage\":\"ca-ES\"},{\"@type\":\"WebPage\",\"@id\":\"https:\\\/\\\/content.www.institutomaxilofacial.com\\\/es\\\/2014\\\/09\\\/09\\\/la-cirugia-ortognatica-la-solucion-definitiva-para-el-saos\\\/\",\"url\":\"https:\\\/\\\/content.www.institutomaxilofacial.com\\\/es\\\/2014\\\/09\\\/09\\\/la-cirugia-ortognatica-la-solucion-definitiva-para-el-saos\\\/\",\"name\":\"La cirug\u00eda ortogn\u00e1tica, la soluci\u00f3n definitiva para el SAOS - Instituto Maxilofacial\",\"isPartOf\":{\"@id\":\"https:\\\/\\\/content.www.institutomaxilofacial.com\\\/ca\\\/#website\"},\"primaryImageOfPage\":{\"@id\":\"https:\\\/\\\/content.www.institutomaxilofacial.com\\\/es\\\/2014\\\/09\\\/09\\\/la-cirugia-ortognatica-la-solucion-definitiva-para-el-saos\\\/#primaryimage\"},\"image\":{\"@id\":\"https:\\\/\\\/content.www.institutomaxilofacial.com\\\/es\\\/2014\\\/09\\\/09\\\/la-cirugia-ortognatica-la-solucion-definitiva-para-el-saos\\\/#primaryimage\"},\"thumbnailUrl\":\"\",\"datePublished\":\"2014-09-09T14:57:13+00:00\",\"dateModified\":\"2020-06-25T12:47:58+00:00\",\"author\":{\"@id\":\"https:\\\/\\\/content.www.institutomaxilofacial.com\\\/ca\\\/#\\\/schema\\\/person\\\/66410c38b024bedf980dc3a51e51f03a\"},\"breadcrumb\":{\"@id\":\"https:\\\/\\\/content.www.institutomaxilofacial.com\\\/es\\\/2014\\\/09\\\/09\\\/la-cirugia-ortognatica-la-solucion-definitiva-para-el-saos\\\/#breadcrumb\"},\"inLanguage\":\"ca-ES\",\"potentialAction\":[{\"@type\":\"ReadAction\",\"target\":[\"https:\\\/\\\/content.www.institutomaxilofacial.com\\\/es\\\/2014\\\/09\\\/09\\\/la-cirugia-ortognatica-la-solucion-definitiva-para-el-saos\\\/\"]}]},{\"@type\":\"ImageObject\",\"inLanguage\":\"ca-ES\",\"@id\":\"https:\\\/\\\/content.www.institutomaxilofacial.com\\\/es\\\/2014\\\/09\\\/09\\\/la-cirugia-ortognatica-la-solucion-definitiva-para-el-saos\\\/#primaryimage\",\"url\":\"\",\"contentUrl\":\"\"},{\"@type\":\"BreadcrumbList\",\"@id\":\"https:\\\/\\\/content.www.institutomaxilofacial.com\\\/es\\\/2014\\\/09\\\/09\\\/la-cirugia-ortognatica-la-solucion-definitiva-para-el-saos\\\/#breadcrumb\",\"itemListElement\":[{\"@type\":\"ListItem\",\"position\":1,\"name\":\"Portada\",\"item\":\"https:\\\/\\\/content.www.institutomaxilofacial.com\\\/es\\\/\"},{\"@type\":\"ListItem\",\"position\":2,\"name\":\"La cirug\u00eda ortogn\u00e1tica, la soluci\u00f3n definitiva para el SAOS\"}]},{\"@type\":\"WebSite\",\"@id\":\"https:\\\/\\\/content.www.institutomaxilofacial.com\\\/ca\\\/#website\",\"url\":\"https:\\\/\\\/content.www.institutomaxilofacial.com\\\/ca\\\/\",\"name\":\"Instituto Maxilofacial\",\"description\":\"Experts en Cirurgia Oral i Maxil\u00b7lofacial. Precisi\u00f3, experi\u00e8ncia i passi\u00f3 per la innovaci\u00f3\",\"potentialAction\":[{\"@type\":\"SearchAction\",\"target\":{\"@type\":\"EntryPoint\",\"urlTemplate\":\"https:\\\/\\\/content.www.institutomaxilofacial.com\\\/ca\\\/?s={search_term_string}\"},\"query-input\":{\"@type\":\"PropertyValueSpecification\",\"valueRequired\":true,\"valueName\":\"search_term_string\"}}],\"inLanguage\":\"ca-ES\"},{\"@type\":\"Person\",\"@id\":\"https:\\\/\\\/content.www.institutomaxilofacial.com\\\/ca\\\/#\\\/schema\\\/person\\\/66410c38b024bedf980dc3a51e51f03a\",\"name\":\"Dr. Federico Hern\u00e1ndez Alfaro\",\"image\":{\"@type\":\"ImageObject\",\"inLanguage\":\"ca-ES\",\"@id\":\"https:\\\/\\\/secure.gravatar.com\\\/avatar\\\/3be72467d3bf708c88d138ec5abe4d71fd3a6c6d090520fbb45daba4fcf1b48a?s=96&d=mm&r=g\",\"url\":\"https:\\\/\\\/secure.gravatar.com\\\/avatar\\\/3be72467d3bf708c88d138ec5abe4d71fd3a6c6d090520fbb45daba4fcf1b48a?s=96&d=mm&r=g\",\"contentUrl\":\"https:\\\/\\\/secure.gravatar.com\\\/avatar\\\/3be72467d3bf708c88d138ec5abe4d71fd3a6c6d090520fbb45daba4fcf1b48a?s=96&d=mm&r=g\",\"caption\":\"Dr. Federico Hern\u00e1ndez Alfaro\"},\"description\":\"Director del Instituto Maxilofacial. Licenciado en Medicina y Odontolog\u00eda. Especialista en Cirug\u00eda Oral y Maxilofacial. Doctor \u201cCum Laude\u201d por la Universidad de Catalu\u00f1a (UIC). Director del Diploma Universitario en Cirug\u00eda Ortogn\u00e1tica de la Universidad Internacional de Catalu\u00f1a (UIC). Profesor Titular y Jefe de Departamento de Cirug\u00eda Oral y Maxilofacial de la Universidad de Catalu\u00f1a (UIC.)\",\"url\":\"https:\\\/\\\/content.www.institutomaxilofacial.com\\\/ca\\\/author\\\/fha2\\\/\"}]}<\/script>\n<!-- \/ Yoast SEO plugin. -->","yoast_head_json":{"title":"La cirug\u00eda ortogn\u00e1tica, la soluci\u00f3n definitiva para el SAOS - Instituto Maxilofacial","robots":{"index":"index","follow":"follow","max-snippet":"max-snippet:-1","max-image-preview":"max-image-preview:large","max-video-preview":"max-video-preview:-1"},"canonical":"https:\/\/content.www.institutomaxilofacial.com\/ca\/wp-json\/wp\/v2\/posts\/3101\/","og_locale":"ca_ES","og_type":"article","og_title":"La cirug\u00eda ortogn\u00e1tica, la soluci\u00f3n definitiva para el SAOS - Instituto Maxilofacial","og_description":"La Dra. Raquel Guijarro nos comenta, a partir de un estudio reciente, qu\u00e9 es el S\u00edndrome de Apnea Obstructiva del Sue\u00f1o. El S\u00edndrome de Apnea Obstructiva del Sue\u00f1o, conocido con el acr\u00f3nimo de SAOS, se ha convertido en la nueva epidemia del siglo XXI. La interrupci\u00f3n del ...","og_url":"https:\/\/content.www.institutomaxilofacial.com\/es\/2014\/09\/09\/la-cirugia-ortognatica-la-solucion-definitiva-para-el-saos\/","og_site_name":"Instituto Maxilofacial","article_published_time":"2014-09-09T14:57:13+00:00","article_modified_time":"2020-06-25T12:47:58+00:00","author":"Dr. Federico Hern\u00e1ndez Alfaro","twitter_card":"summary_large_image","twitter_misc":{"Written by":"Dr. Federico Hern\u00e1ndez Alfaro","Est. reading time":"1 minute"},"schema":{"@context":"https:\/\/schema.org","@graph":[{"@type":"Article","@id":"https:\/\/content.www.institutomaxilofacial.com\/es\/2014\/09\/09\/la-cirugia-ortognatica-la-solucion-definitiva-para-el-saos\/#article","isPartOf":{"@id":"https:\/\/content.www.institutomaxilofacial.com\/es\/2014\/09\/09\/la-cirugia-ortognatica-la-solucion-definitiva-para-el-saos\/"},"author":{"name":"Dr. Federico Hern\u00e1ndez Alfaro","@id":"https:\/\/content.www.institutomaxilofacial.com\/ca\/#\/schema\/person\/66410c38b024bedf980dc3a51e51f03a"},"headline":"La cirug\u00eda ortogn\u00e1tica, la soluci\u00f3n definitiva para el SAOS","datePublished":"2014-09-09T14:57:13+00:00","dateModified":"2020-06-25T12:47:58+00:00","mainEntityOfPage":{"@id":"https:\/\/content.www.institutomaxilofacial.com\/es\/2014\/09\/09\/la-cirugia-ortognatica-la-solucion-definitiva-para-el-saos\/"},"wordCount":262,"image":{"@id":"https:\/\/content.www.institutomaxilofacial.com\/es\/2014\/09\/09\/la-cirugia-ortognatica-la-solucion-definitiva-para-el-saos\/#primaryimage"},"thumbnailUrl":"","keywords":["apnea del sue\u00f1o","Dra. Raquel Guijarro","Instituto Maxilofacial Barcelona","SAOS","S\u00edndrome de Apnea Obstructiva del Sue\u00f1o"],"articleSection":["Ortogn\u00e0tica"],"inLanguage":"ca-ES"},{"@type":"WebPage","@id":"https:\/\/content.www.institutomaxilofacial.com\/es\/2014\/09\/09\/la-cirugia-ortognatica-la-solucion-definitiva-para-el-saos\/","url":"https:\/\/content.www.institutomaxilofacial.com\/es\/2014\/09\/09\/la-cirugia-ortognatica-la-solucion-definitiva-para-el-saos\/","name":"La cirug\u00eda ortogn\u00e1tica, la soluci\u00f3n definitiva para el SAOS - Instituto Maxilofacial","isPartOf":{"@id":"https:\/\/content.www.institutomaxilofacial.com\/ca\/#website"},"primaryImageOfPage":{"@id":"https:\/\/content.www.institutomaxilofacial.com\/es\/2014\/09\/09\/la-cirugia-ortognatica-la-solucion-definitiva-para-el-saos\/#primaryimage"},"image":{"@id":"https:\/\/content.www.institutomaxilofacial.com\/es\/2014\/09\/09\/la-cirugia-ortognatica-la-solucion-definitiva-para-el-saos\/#primaryimage"},"thumbnailUrl":"","datePublished":"2014-09-09T14:57:13+00:00","dateModified":"2020-06-25T12:47:58+00:00","author":{"@id":"https:\/\/content.www.institutomaxilofacial.com\/ca\/#\/schema\/person\/66410c38b024bedf980dc3a51e51f03a"},"breadcrumb":{"@id":"https:\/\/content.www.institutomaxilofacial.com\/es\/2014\/09\/09\/la-cirugia-ortognatica-la-solucion-definitiva-para-el-saos\/#breadcrumb"},"inLanguage":"ca-ES","potentialAction":[{"@type":"ReadAction","target":["https:\/\/content.www.institutomaxilofacial.com\/es\/2014\/09\/09\/la-cirugia-ortognatica-la-solucion-definitiva-para-el-saos\/"]}]},{"@type":"ImageObject","inLanguage":"ca-ES","@id":"https:\/\/content.www.institutomaxilofacial.com\/es\/2014\/09\/09\/la-cirugia-ortognatica-la-solucion-definitiva-para-el-saos\/#primaryimage","url":"","contentUrl":""},{"@type":"BreadcrumbList","@id":"https:\/\/content.www.institutomaxilofacial.com\/es\/2014\/09\/09\/la-cirugia-ortognatica-la-solucion-definitiva-para-el-saos\/#breadcrumb","itemListElement":[{"@type":"ListItem","position":1,"name":"Portada","item":"https:\/\/content.www.institutomaxilofacial.com\/es\/"},{"@type":"ListItem","position":2,"name":"La cirug\u00eda ortogn\u00e1tica, la soluci\u00f3n definitiva para el SAOS"}]},{"@type":"WebSite","@id":"https:\/\/content.www.institutomaxilofacial.com\/ca\/#website","url":"https:\/\/content.www.institutomaxilofacial.com\/ca\/","name":"Instituto Maxilofacial","description":"Experts en Cirurgia Oral i Maxil\u00b7lofacial. Precisi\u00f3, experi\u00e8ncia i passi\u00f3 per la innovaci\u00f3","potentialAction":[{"@type":"SearchAction","target":{"@type":"EntryPoint","urlTemplate":"https:\/\/content.www.institutomaxilofacial.com\/ca\/?s={search_term_string}"},"query-input":{"@type":"PropertyValueSpecification","valueRequired":true,"valueName":"search_term_string"}}],"inLanguage":"ca-ES"},{"@type":"Person","@id":"https:\/\/content.www.institutomaxilofacial.com\/ca\/#\/schema\/person\/66410c38b024bedf980dc3a51e51f03a","name":"Dr. Federico Hern\u00e1ndez Alfaro","image":{"@type":"ImageObject","inLanguage":"ca-ES","@id":"https:\/\/secure.gravatar.com\/avatar\/3be72467d3bf708c88d138ec5abe4d71fd3a6c6d090520fbb45daba4fcf1b48a?s=96&d=mm&r=g","url":"https:\/\/secure.gravatar.com\/avatar\/3be72467d3bf708c88d138ec5abe4d71fd3a6c6d090520fbb45daba4fcf1b48a?s=96&d=mm&r=g","contentUrl":"https:\/\/secure.gravatar.com\/avatar\/3be72467d3bf708c88d138ec5abe4d71fd3a6c6d090520fbb45daba4fcf1b48a?s=96&d=mm&r=g","caption":"Dr. Federico Hern\u00e1ndez Alfaro"},"description":"Director del Instituto Maxilofacial. Licenciado en Medicina y Odontolog\u00eda. Especialista en Cirug\u00eda Oral y Maxilofacial. Doctor \u201cCum Laude\u201d por la Universidad de Catalu\u00f1a (UIC). Director del Diploma Universitario en Cirug\u00eda Ortogn\u00e1tica de la Universidad Internacional de Catalu\u00f1a (UIC). Profesor Titular y Jefe de Departamento de Cirug\u00eda Oral y Maxilofacial de la Universidad de Catalu\u00f1a (UIC.)","url":"https:\/\/content.www.institutomaxilofacial.com\/ca\/author\/fha2\/"}]}},"meta_box":{"post-excerpt":""},"_links":{"self":[{"href":"https:\/\/content.www.institutomaxilofacial.com\/ca\/wp-json\/wp\/v2\/posts\/3101","targetHints":{"allow":["GET"]}}],"collection":[{"href":"https:\/\/content.www.institutomaxilofacial.com\/ca\/wp-json\/wp\/v2\/posts"}],"about":[{"href":"https:\/\/content.www.institutomaxilofacial.com\/ca\/wp-json\/wp\/v2\/types\/post"}],"author":[{"embeddable":true,"href":"https:\/\/content.www.institutomaxilofacial.com\/ca\/wp-json\/wp\/v2\/users\/5"}],"replies":[{"embeddable":true,"href":"https:\/\/content.www.institutomaxilofacial.com\/ca\/wp-json\/wp\/v2\/comments?post=3101"}],"version-history":[{"count":2,"href":"https:\/\/content.www.institutomaxilofacial.com\/ca\/wp-json\/wp\/v2\/posts\/3101\/revisions"}],"predecessor-version":[{"id":11362,"href":"https:\/\/content.www.institutomaxilofacial.com\/ca\/wp-json\/wp\/v2\/posts\/3101\/revisions\/11362"}],"wp:featuredmedia":[{"embeddable":true,"href":"https:\/\/content.www.institutomaxilofacial.com\/ca\/wp-json\/"}],"wp:attachment":[{"href":"https:\/\/content.www.institutomaxilofacial.com\/ca\/wp-json\/wp\/v2\/media?parent=3101"}],"wp:term":[{"taxonomy":"category","embeddable":true,"href":"https:\/\/content.www.institutomaxilofacial.com\/ca\/wp-json\/wp\/v2\/categories?post=3101"},{"taxonomy":"post_tag","embeddable":true,"href":"https:\/\/content.www.institutomaxilofacial.com\/ca\/wp-json\/wp\/v2\/tags?post=3101"}],"curies":[{"name":"wp","href":"https:\/\/api.w.org\/{rel}","templated":true}]}}