{"id":8071,"date":"2018-07-18T10:40:27","date_gmt":"2018-07-18T10:40:27","guid":{"rendered":"https:\/\/content.www.institutomaxilofacial.com\/es\/?p=8071"},"modified":"2018-07-18T10:40:27","modified_gmt":"2018-07-18T10:40:27","slug":"las-dietas-y-el-mal-aliento","status":"publish","type":"post","link":"https:\/\/content.www.institutomaxilofacial.com\/ca\/2018\/07\/18\/las-dietas-y-el-mal-aliento\/","title":{"rendered":"Las dietas y el mal aliento"},"content":{"rendered":"<p class=\"qtranxs-available-languages-message qtranxs-available-languages-message-ca\">Perdona, per\u00f2 aquesta entrada nom\u00e9s est\u00e0 disponible en <a href=\"https:\/\/content.www.institutomaxilofacial.com\/es\/wp-json\/wp\/v2\/posts\/8071\" class=\"qtranxs-available-language-link qtranxs-available-language-link-es\" title=\"Espa\u00f1ol\">Espa\u00f1ol<\/a> i <a href=\"https:\/\/content.www.institutomaxilofacial.com\/en\/wp-json\/wp\/v2\/posts\/8071\" class=\"qtranxs-available-language-link qtranxs-available-language-link-en\" title=\"English\">English<\/a>.<\/p>","protected":false},"excerpt":{"rendered":"<p>Perdona, per\u00f2 aquesta entrada nom\u00e9s est\u00e0 disponible en Espa\u00f1ol i English.<\/p>\n","protected":false},"author":6,"featured_media":8072,"comment_status":"closed","ping_status":"closed","sticky":false,"template":"","format":"standard","meta":{"footnotes":""},"categories":[52,94],"tags":[161,399,400,153,383,194,95,357],"class_list":["post-8071","post","type-post","status-publish","format-standard","has-post-thumbnail","hentry","category-noticias","category-periodoncia","tag-dra-vanessa-ruiz-magaz","tag-enfermedad-periodontal","tag-halitosis","tag-higiene-oral","tag-hospital-quiron-teknon","tag-instituto-maxilofacial-barcelona","tag-periodoncia","tag-salud-bucodental"],"yoast_head":"<!-- This site is optimized with the Yoast SEO plugin v27.2 - https:\/\/yoast.com\/product\/yoast-seo-wordpress\/ -->\n<title>Las dietas y el mal aliento - Instituto Maxilofacial<\/title>\n<meta name=\"robots\" content=\"index, follow, max-snippet:-1, max-image-preview:large, max-video-preview:-1\" \/>\n<link rel=\"canonical\" href=\"https:\/\/content.www.institutomaxilofacial.com\/ca\/wp-json\/wp\/v2\/posts\/8071\/\" \/>\n<meta property=\"og:locale\" content=\"ca_ES\" \/>\n<meta property=\"og:type\" content=\"article\" \/>\n<meta property=\"og:title\" content=\"Las dietas y el mal aliento - Instituto Maxilofacial\" \/>\n<meta property=\"og:description\" content=\"Perdona, per\u00f2 aquesta entrada nom\u00e9s est\u00e0 disponible en Espa\u00f1ol i English.\" \/>\n<meta property=\"og:url\" content=\"https:\/\/content.www.institutomaxilofacial.com\/es\/2018\/07\/18\/las-dietas-y-el-mal-aliento\/\" \/>\n<meta property=\"og:site_name\" content=\"Instituto Maxilofacial\" \/>\n<meta property=\"article:published_time\" content=\"2018-07-18T10:40:27+00:00\" \/>\n<meta property=\"og:image\" content=\"https:\/\/content.www.institutomaxilofacial.com\/wp-content\/uploads\/2018\/07\/iStock-174876940.jpg\" \/>\n\t<meta property=\"og:image:width\" content=\"2121\" \/>\n\t<meta property=\"og:image:height\" content=\"1414\" \/>\n\t<meta property=\"og:image:type\" content=\"image\/jpeg\" \/>\n<meta name=\"author\" content=\"Instituto Maxilofacial\" \/>\n<meta name=\"twitter:card\" content=\"summary_large_image\" \/>\n<meta name=\"twitter:label1\" content=\"Written by\" \/>\n\t<meta name=\"twitter:data1\" content=\"Instituto Maxilofacial\" \/>\n\t<meta name=\"twitter:label2\" content=\"Est. reading time\" \/>\n\t<meta name=\"twitter:data2\" content=\"2 minutes\" \/>\n<script type=\"application\/ld+json\" class=\"yoast-schema-graph\">{\"@context\":\"https:\/\/schema.org\",\"@graph\":[{\"@type\":\"Article\",\"@id\":\"https:\/\/content.www.institutomaxilofacial.com\/es\/2018\/07\/18\/las-dietas-y-el-mal-aliento\/#article\",\"isPartOf\":{\"@id\":\"https:\/\/content.www.institutomaxilofacial.com\/es\/2018\/07\/18\/las-dietas-y-el-mal-aliento\/\"},\"author\":{\"name\":\"Instituto Maxilofacial\",\"@id\":\"https:\/\/content.www.institutomaxilofacial.com\/ca\/#\/schema\/person\/e2337174d7361f36490eda6be8bcce62\"},\"headline\":\"Las dietas y el mal aliento\",\"datePublished\":\"2018-07-18T10:40:27+00:00\",\"mainEntityOfPage\":{\"@id\":\"https:\/\/content.www.institutomaxilofacial.com\/es\/2018\/07\/18\/las-dietas-y-el-mal-aliento\/\"},\"wordCount\":359,\"image\":{\"@id\":\"https:\/\/content.www.institutomaxilofacial.com\/es\/2018\/07\/18\/las-dietas-y-el-mal-aliento\/#primaryimage\"},\"thumbnailUrl\":\"https:\/\/content.www.institutomaxilofacial.com\/wp-content\/uploads\/2018\/07\/iStock-174876940.jpg\",\"keywords\":[\"Dra. Vanessa Ruiz Magaz\",\"Enfermedad periodontal\",\"Halitosis\",\"higiene oral\",\"Hospital Quir\u00f3n Teknon\",\"Instituto Maxilofacial Barcelona\",\"Periodoncia\",\"salud bucodental\"],\"articleSection\":[\"Noticias\",\"Periodoncia\"],\"inLanguage\":\"ca-ES\"},{\"@type\":\"WebPage\",\"@id\":\"https:\/\/content.www.institutomaxilofacial.com\/es\/2018\/07\/18\/las-dietas-y-el-mal-aliento\/\",\"url\":\"https:\/\/content.www.institutomaxilofacial.com\/es\/2018\/07\/18\/las-dietas-y-el-mal-aliento\/\",\"name\":\"Las dietas y el mal aliento - Instituto Maxilofacial\",\"isPartOf\":{\"@id\":\"https:\/\/content.www.institutomaxilofacial.com\/ca\/#website\"},\"primaryImageOfPage\":{\"@id\":\"https:\/\/content.www.institutomaxilofacial.com\/es\/2018\/07\/18\/las-dietas-y-el-mal-aliento\/#primaryimage\"},\"image\":{\"@id\":\"https:\/\/content.www.institutomaxilofacial.com\/es\/2018\/07\/18\/las-dietas-y-el-mal-aliento\/#primaryimage\"},\"thumbnailUrl\":\"https:\/\/content.www.institutomaxilofacial.com\/wp-content\/uploads\/2018\/07\/iStock-174876940.jpg\",\"datePublished\":\"2018-07-18T10:40:27+00:00\",\"author\":{\"@id\":\"https:\/\/content.www.institutomaxilofacial.com\/ca\/#\/schema\/person\/e2337174d7361f36490eda6be8bcce62\"},\"breadcrumb\":{\"@id\":\"https:\/\/content.www.institutomaxilofacial.com\/es\/2018\/07\/18\/las-dietas-y-el-mal-aliento\/#breadcrumb\"},\"inLanguage\":\"ca-ES\",\"potentialAction\":[{\"@type\":\"ReadAction\",\"target\":[\"https:\/\/content.www.institutomaxilofacial.com\/es\/2018\/07\/18\/las-dietas-y-el-mal-aliento\/\"]}]},{\"@type\":\"ImageObject\",\"inLanguage\":\"ca-ES\",\"@id\":\"https:\/\/content.www.institutomaxilofacial.com\/es\/2018\/07\/18\/las-dietas-y-el-mal-aliento\/#primaryimage\",\"url\":\"https:\/\/content.www.institutomaxilofacial.com\/wp-content\/uploads\/2018\/07\/iStock-174876940.jpg\",\"contentUrl\":\"https:\/\/content.www.institutomaxilofacial.com\/wp-content\/uploads\/2018\/07\/iStock-174876940.jpg\",\"width\":2121,\"height\":1414,\"caption\":\"\\\"close up of beautiful surprised woman holding her mouth, isolated on white background\\\"\"},{\"@type\":\"BreadcrumbList\",\"@id\":\"https:\/\/content.www.institutomaxilofacial.com\/es\/2018\/07\/18\/las-dietas-y-el-mal-aliento\/#breadcrumb\",\"itemListElement\":[{\"@type\":\"ListItem\",\"position\":1,\"name\":\"Portada\",\"item\":\"https:\/\/content.www.institutomaxilofacial.com\/es\/\"},{\"@type\":\"ListItem\",\"position\":2,\"name\":\"Dieting and bad breath\"}]},{\"@type\":\"WebSite\",\"@id\":\"https:\/\/content.www.institutomaxilofacial.com\/ca\/#website\",\"url\":\"https:\/\/content.www.institutomaxilofacial.com\/ca\/\",\"name\":\"Instituto Maxilofacial\",\"description\":\"Experts en Cirurgia Oral i Maxil\u00b7lofacial. Precisi\u00f3, experi\u00e8ncia i passi\u00f3 per la innovaci\u00f3\",\"potentialAction\":[{\"@type\":\"SearchAction\",\"target\":{\"@type\":\"EntryPoint\",\"urlTemplate\":\"https:\/\/content.www.institutomaxilofacial.com\/ca\/?s={search_term_string}\"},\"query-input\":{\"@type\":\"PropertyValueSpecification\",\"valueRequired\":true,\"valueName\":\"search_term_string\"}}],\"inLanguage\":\"ca-ES\"},{\"@type\":\"Person\",\"@id\":\"https:\/\/content.www.institutomaxilofacial.com\/ca\/#\/schema\/person\/e2337174d7361f36490eda6be8bcce62\",\"name\":\"Instituto Maxilofacial\",\"image\":{\"@type\":\"ImageObject\",\"inLanguage\":\"ca-ES\",\"@id\":\"https:\/\/secure.gravatar.com\/avatar\/a93fb58195b0f9073068e913f44ad5ef6a4c6112c7c5cfa4472664485276a4cd?s=96&d=mm&r=g\",\"url\":\"https:\/\/secure.gravatar.com\/avatar\/a93fb58195b0f9073068e913f44ad5ef6a4c6112c7c5cfa4472664485276a4cd?s=96&d=mm&r=g\",\"contentUrl\":\"https:\/\/secure.gravatar.com\/avatar\/a93fb58195b0f9073068e913f44ad5ef6a4c6112c7c5cfa4472664485276a4cd?s=96&d=mm&r=g\",\"caption\":\"Instituto Maxilofacial\"},\"description\":\"El Instituto Maxilofacial es uno de los centros m\u00e1s innovadores a nivel internacional en cirug\u00eda oral y maxilofacial. Sus especialistas, todos ellos profesores universitarios, han desarrollado numerosas t\u00e9cnicas y protocolos quir\u00fargicos, y ponen al servicio del paciente los tratamientos m\u00e1s vanguardistas con la tecnolog\u00eda m\u00e1s moderna.\",\"url\":\"https:\/\/content.www.institutomaxilofacial.com\/ca\/author\/imaxilofacial\/\"}]}<\/script>\n<!-- \/ Yoast SEO plugin. -->","yoast_head_json":{"title":"Las dietas y el mal aliento - Instituto Maxilofacial","robots":{"index":"index","follow":"follow","max-snippet":"max-snippet:-1","max-image-preview":"max-image-preview:large","max-video-preview":"max-video-preview:-1"},"canonical":"https:\/\/content.www.institutomaxilofacial.com\/ca\/wp-json\/wp\/v2\/posts\/8071\/","og_locale":"ca_ES","og_type":"article","og_title":"Las dietas y el mal aliento - Instituto Maxilofacial","og_description":"Perdona, per\u00f2 aquesta entrada nom\u00e9s est\u00e0 disponible en Espa\u00f1ol i English.","og_url":"https:\/\/content.www.institutomaxilofacial.com\/es\/2018\/07\/18\/las-dietas-y-el-mal-aliento\/","og_site_name":"Instituto Maxilofacial","article_published_time":"2018-07-18T10:40:27+00:00","og_image":[{"width":2121,"height":1414,"url":"https:\/\/content.www.institutomaxilofacial.com\/wp-content\/uploads\/2018\/07\/iStock-174876940.jpg","type":"image\/jpeg"}],"author":"Instituto Maxilofacial","twitter_card":"summary_large_image","twitter_misc":{"Written by":"Instituto Maxilofacial","Est. reading time":"2 minutes"},"schema":{"@context":"https:\/\/schema.org","@graph":[{"@type":"Article","@id":"https:\/\/content.www.institutomaxilofacial.com\/es\/2018\/07\/18\/las-dietas-y-el-mal-aliento\/#article","isPartOf":{"@id":"https:\/\/content.www.institutomaxilofacial.com\/es\/2018\/07\/18\/las-dietas-y-el-mal-aliento\/"},"author":{"name":"Instituto Maxilofacial","@id":"https:\/\/content.www.institutomaxilofacial.com\/ca\/#\/schema\/person\/e2337174d7361f36490eda6be8bcce62"},"headline":"Las dietas y el mal aliento","datePublished":"2018-07-18T10:40:27+00:00","mainEntityOfPage":{"@id":"https:\/\/content.www.institutomaxilofacial.com\/es\/2018\/07\/18\/las-dietas-y-el-mal-aliento\/"},"wordCount":359,"image":{"@id":"https:\/\/content.www.institutomaxilofacial.com\/es\/2018\/07\/18\/las-dietas-y-el-mal-aliento\/#primaryimage"},"thumbnailUrl":"https:\/\/content.www.institutomaxilofacial.com\/wp-content\/uploads\/2018\/07\/iStock-174876940.jpg","keywords":["Dra. Vanessa Ruiz Magaz","Enfermedad periodontal","Halitosis","higiene oral","Hospital Quir\u00f3n Teknon","Instituto Maxilofacial Barcelona","Periodoncia","salud bucodental"],"articleSection":["Noticias","Periodoncia"],"inLanguage":"ca-ES"},{"@type":"WebPage","@id":"https:\/\/content.www.institutomaxilofacial.com\/es\/2018\/07\/18\/las-dietas-y-el-mal-aliento\/","url":"https:\/\/content.www.institutomaxilofacial.com\/es\/2018\/07\/18\/las-dietas-y-el-mal-aliento\/","name":"Las dietas y el mal aliento - Instituto Maxilofacial","isPartOf":{"@id":"https:\/\/content.www.institutomaxilofacial.com\/ca\/#website"},"primaryImageOfPage":{"@id":"https:\/\/content.www.institutomaxilofacial.com\/es\/2018\/07\/18\/las-dietas-y-el-mal-aliento\/#primaryimage"},"image":{"@id":"https:\/\/content.www.institutomaxilofacial.com\/es\/2018\/07\/18\/las-dietas-y-el-mal-aliento\/#primaryimage"},"thumbnailUrl":"https:\/\/content.www.institutomaxilofacial.com\/wp-content\/uploads\/2018\/07\/iStock-174876940.jpg","datePublished":"2018-07-18T10:40:27+00:00","author":{"@id":"https:\/\/content.www.institutomaxilofacial.com\/ca\/#\/schema\/person\/e2337174d7361f36490eda6be8bcce62"},"breadcrumb":{"@id":"https:\/\/content.www.institutomaxilofacial.com\/es\/2018\/07\/18\/las-dietas-y-el-mal-aliento\/#breadcrumb"},"inLanguage":"ca-ES","potentialAction":[{"@type":"ReadAction","target":["https:\/\/content.www.institutomaxilofacial.com\/es\/2018\/07\/18\/las-dietas-y-el-mal-aliento\/"]}]},{"@type":"ImageObject","inLanguage":"ca-ES","@id":"https:\/\/content.www.institutomaxilofacial.com\/es\/2018\/07\/18\/las-dietas-y-el-mal-aliento\/#primaryimage","url":"https:\/\/content.www.institutomaxilofacial.com\/wp-content\/uploads\/2018\/07\/iStock-174876940.jpg","contentUrl":"https:\/\/content.www.institutomaxilofacial.com\/wp-content\/uploads\/2018\/07\/iStock-174876940.jpg","width":2121,"height":1414,"caption":"\"close up of beautiful surprised woman holding her mouth, isolated on white background\""},{"@type":"BreadcrumbList","@id":"https:\/\/content.www.institutomaxilofacial.com\/es\/2018\/07\/18\/las-dietas-y-el-mal-aliento\/#breadcrumb","itemListElement":[{"@type":"ListItem","position":1,"name":"Portada","item":"https:\/\/content.www.institutomaxilofacial.com\/es\/"},{"@type":"ListItem","position":2,"name":"Dieting and bad breath"}]},{"@type":"WebSite","@id":"https:\/\/content.www.institutomaxilofacial.com\/ca\/#website","url":"https:\/\/content.www.institutomaxilofacial.com\/ca\/","name":"Instituto Maxilofacial","description":"Experts en Cirurgia Oral i Maxil\u00b7lofacial. Precisi\u00f3, experi\u00e8ncia i passi\u00f3 per la innovaci\u00f3","potentialAction":[{"@type":"SearchAction","target":{"@type":"EntryPoint","urlTemplate":"https:\/\/content.www.institutomaxilofacial.com\/ca\/?s={search_term_string}"},"query-input":{"@type":"PropertyValueSpecification","valueRequired":true,"valueName":"search_term_string"}}],"inLanguage":"ca-ES"},{"@type":"Person","@id":"https:\/\/content.www.institutomaxilofacial.com\/ca\/#\/schema\/person\/e2337174d7361f36490eda6be8bcce62","name":"Instituto Maxilofacial","image":{"@type":"ImageObject","inLanguage":"ca-ES","@id":"https:\/\/secure.gravatar.com\/avatar\/a93fb58195b0f9073068e913f44ad5ef6a4c6112c7c5cfa4472664485276a4cd?s=96&d=mm&r=g","url":"https:\/\/secure.gravatar.com\/avatar\/a93fb58195b0f9073068e913f44ad5ef6a4c6112c7c5cfa4472664485276a4cd?s=96&d=mm&r=g","contentUrl":"https:\/\/secure.gravatar.com\/avatar\/a93fb58195b0f9073068e913f44ad5ef6a4c6112c7c5cfa4472664485276a4cd?s=96&d=mm&r=g","caption":"Instituto Maxilofacial"},"description":"El Instituto Maxilofacial es uno de los centros m\u00e1s innovadores a nivel internacional en cirug\u00eda oral y maxilofacial. Sus especialistas, todos ellos profesores universitarios, han desarrollado numerosas t\u00e9cnicas y protocolos quir\u00fargicos, y ponen al servicio del paciente los tratamientos m\u00e1s vanguardistas con la tecnolog\u00eda m\u00e1s moderna.","url":"https:\/\/content.www.institutomaxilofacial.com\/ca\/author\/imaxilofacial\/"}]}},"meta_box":{"post-excerpt":""},"_links":{"self":[{"href":"https:\/\/content.www.institutomaxilofacial.com\/ca\/wp-json\/wp\/v2\/posts\/8071","targetHints":{"allow":["GET"]}}],"collection":[{"href":"https:\/\/content.www.institutomaxilofacial.com\/ca\/wp-json\/wp\/v2\/posts"}],"about":[{"href":"https:\/\/content.www.institutomaxilofacial.com\/ca\/wp-json\/wp\/v2\/types\/post"}],"author":[{"embeddable":true,"href":"https:\/\/content.www.institutomaxilofacial.com\/ca\/wp-json\/wp\/v2\/users\/6"}],"replies":[{"embeddable":true,"href":"https:\/\/content.www.institutomaxilofacial.com\/ca\/wp-json\/wp\/v2\/comments?post=8071"}],"version-history":[{"count":1,"href":"https:\/\/content.www.institutomaxilofacial.com\/ca\/wp-json\/wp\/v2\/posts\/8071\/revisions"}],"predecessor-version":[{"id":8073,"href":"https:\/\/content.www.institutomaxilofacial.com\/ca\/wp-json\/wp\/v2\/posts\/8071\/revisions\/8073"}],"wp:featuredmedia":[{"embeddable":true,"href":"https:\/\/content.www.institutomaxilofacial.com\/ca\/wp-json\/wp\/v2\/media\/8072"}],"wp:attachment":[{"href":"https:\/\/content.www.institutomaxilofacial.com\/ca\/wp-json\/wp\/v2\/media?parent=8071"}],"wp:term":[{"taxonomy":"category","embeddable":true,"href":"https:\/\/content.www.institutomaxilofacial.com\/ca\/wp-json\/wp\/v2\/categories?post=8071"},{"taxonomy":"post_tag","embeddable":true,"href":"https:\/\/content.www.institutomaxilofacial.com\/ca\/wp-json\/wp\/v2\/tags?post=8071"}],"curies":[{"name":"wp","href":"https:\/\/api.w.org\/{rel}","templated":true}]}}