{"id":10384,"date":"2019-10-22T12:36:23","date_gmt":"2019-10-22T12:36:23","guid":{"rendered":"https:\/\/content.www.institutomaxilofacial.com\/es\/?p=10384"},"modified":"2019-10-22T12:36:23","modified_gmt":"2019-10-22T12:36:23","slug":"el-prof-hernandez-alfaro-y-su-equipo-de-investigacion-publican-en-la-revista-open-respiratory-research","status":"publish","type":"post","link":"https:\/\/content.www.institutomaxilofacial.com\/en\/2019\/10\/22\/prof-hernandez-alfaro-and-his-research-team-publish-in-the-open-respiratory-research-magazine\/","title":{"rendered":"Prof. Hern\u00e1ndez Alfaro and his research team publish in the Open Respiratory Research magazine"},"content":{"rendered":"<div class=\"kk-star-ratings kksr-auto kksr-align-right kksr-valign-top\"\n    data-payload='{&quot;align&quot;:&quot;right&quot;,&quot;id&quot;:&quot;10384&quot;,&quot;slug&quot;:&quot;default&quot;,&quot;valign&quot;:&quot;top&quot;,&quot;ignore&quot;:&quot;&quot;,&quot;reference&quot;:&quot;auto&quot;,&quot;class&quot;:&quot;&quot;,&quot;count&quot;:&quot;0&quot;,&quot;legendonly&quot;:&quot;&quot;,&quot;readonly&quot;:&quot;&quot;,&quot;score&quot;:&quot;0&quot;,&quot;starsonly&quot;:&quot;&quot;,&quot;best&quot;:&quot;5&quot;,&quot;gap&quot;:&quot;5&quot;,&quot;greet&quot;:&quot;Rate this post&quot;,&quot;legend&quot;:&quot;0\\\/5 - (0 votes)&quot;,&quot;size&quot;:&quot;30&quot;,&quot;title&quot;:&quot;Prof. Hern\u00e1ndez Alfaro and his research team publish in the Open Respiratory Research magazine&quot;,&quot;width&quot;:&quot;0&quot;,&quot;_legend&quot;:&quot;{score}\\\/{best} - ({count} {votes})&quot;,&quot;font_factor&quot;:&quot;1.25&quot;}'>\n            \n<div class=\"kksr-stars\">\n    \n<div class=\"kksr-stars-inactive\">\n            <div class=\"kksr-star\" data-star=\"1\" style=\"padding-right: 5px\">\n            \n\n<div class=\"kksr-icon\" style=\"width: 30px; height: 30px;\"><\/div>\n        <\/div>\n            <div class=\"kksr-star\" data-star=\"2\" style=\"padding-right: 5px\">\n            \n\n<div class=\"kksr-icon\" style=\"width: 30px; height: 30px;\"><\/div>\n        <\/div>\n            <div class=\"kksr-star\" data-star=\"3\" style=\"padding-right: 5px\">\n            \n\n<div class=\"kksr-icon\" style=\"width: 30px; height: 30px;\"><\/div>\n        <\/div>\n            <div class=\"kksr-star\" data-star=\"4\" style=\"padding-right: 5px\">\n            \n\n<div class=\"kksr-icon\" style=\"width: 30px; height: 30px;\"><\/div>\n        <\/div>\n            <div class=\"kksr-star\" data-star=\"5\" style=\"padding-right: 5px\">\n            \n\n<div class=\"kksr-icon\" style=\"width: 30px; height: 30px;\"><\/div>\n        <\/div>\n    <\/div>\n    \n<div class=\"kksr-stars-active\" style=\"width: 0px;\">\n            <div class=\"kksr-star\" style=\"padding-right: 5px\">\n            \n\n<div class=\"kksr-icon\" style=\"width: 30px; height: 30px;\"><\/div>\n        <\/div>\n            <div class=\"kksr-star\" style=\"padding-right: 5px\">\n            \n\n<div class=\"kksr-icon\" style=\"width: 30px; height: 30px;\"><\/div>\n        <\/div>\n            <div class=\"kksr-star\" style=\"padding-right: 5px\">\n            \n\n<div class=\"kksr-icon\" style=\"width: 30px; height: 30px;\"><\/div>\n        <\/div>\n            <div class=\"kksr-star\" style=\"padding-right: 5px\">\n            \n\n<div class=\"kksr-icon\" style=\"width: 30px; height: 30px;\"><\/div>\n        <\/div>\n            <div class=\"kksr-star\" style=\"padding-right: 5px\">\n            \n\n<div class=\"kksr-icon\" style=\"width: 30px; height: 30px;\"><\/div>\n        <\/div>\n    <\/div>\n<\/div>\n                \n\n<div class=\"kksr-legend\" style=\"font-size: 24px;\">\n            <span class=\"kksr-muted\">Rate this post<\/span>\n    <\/div>\n    <\/div>\n<p><a href=\"https:\/\/www.institutomaxilofacial.com\/en\/dr-federico-hernandez-alfaro\/\" target=\"_blank\" rel=\"noopener noreferrer\">Prof. Federico Hern\u00e1ndez-Alfaro<\/a>, Dr. Adaia Valls, Dr. Jorge Masi\u00e0, Dr. Maria Giralt and Dr. Raquel Guijarro have recently published an article in the first quarter magazine <strong>BMJ Open Respiratory Research<\/strong>.<\/p>\n<p>This paper shows the conclusions of a study on the effects of <a href=\"https:\/\/www.institutomaxilofacial.com\/en\/tratamiento\/orthognathic-surgery-sleep-apnoea\/\" target=\"_blank\" rel=\"noopener noreferrer\"><strong>maxillomandibular surgical advancement<\/strong><\/a> on the dimensions of the pharyngeal airway and the apnea-hypopnea index in the treatment of <a href=\"https:\/\/www.institutomaxilofacial.com\/en\/sleep-apnea\/what-is-sleep-apnoea\/\" target=\"_blank\" rel=\"noopener noreferrer\"><strong>obstructive sleep apnea<\/strong><\/a>.<\/p>\n<p>Download the article <a href=\"https:\/\/content.www.institutomaxilofacial.com\/wp-content\/uploads\/2019\/10\/Impact-of-surgical-maxillomandibular-advancement.pdf\" target=\"_blank\" rel=\"noopener noreferrer\">here<\/a>.<\/p>\n<p><strong><em>Related<\/em><\/strong><\/p>\n<p><a href=\"https:\/\/www.institutomaxilofacial.com\/en\/innovation-centre\/scientific-publications\/\" target=\"_blank\" rel=\"noopener noreferrer\">Scientific publications of Prof. Hern\u00e1ndez Alfaro and his research team<\/a><\/p>","protected":false},"excerpt":{"rendered":"<p>Prof. Federico Hern\u00e1ndez-Alfaro, Dr. Adaia Valls, Dr. Jorge Masi\u00e0, Dr. Maria Giralt and Dr. Raquel Guijarro have recently published an article in the first quarter magazine BMJ Open Respiratory Research.<br \/>\nThis paper shows the conclusions of a study on the effects of maxillomandibular surgical advancement on &#8230;<\/p>\n","protected":false},"author":6,"featured_media":10385,"comment_status":"closed","ping_status":"closed","sticky":false,"template":"","format":"standard","meta":{"footnotes":""},"categories":[597,53,52],"tags":[149,68,49,69,142,112,275],"class_list":["post-10384","post","type-post","status-publish","format-standard","has-post-thumbnail","hentry","category-apnea-del-sueno-2","category-cirugia-ortognatica-estetica-facial","category-noticias","tag-apnea-del-sueno","tag-cirugia-bimaxilar","tag-cirugia-ortognatica","tag-cirugia-ortognatica-bimaxilar","tag-dr-federico-hernandez-alfaro","tag-dr-hernandez-alfaro","tag-dra-adaia-valls"],"yoast_head":"<!-- This site is optimized with the Yoast SEO plugin v27.2 - https:\/\/yoast.com\/product\/yoast-seo-wordpress\/ -->\n<title>Prof. Hern\u00e1ndez Alfaro and his research team publish in the Open Respiratory Research magazine - Instituto Maxilofacial<\/title>\n<meta name=\"robots\" content=\"index, follow, max-snippet:-1, max-image-preview:large, max-video-preview:-1\" \/>\n<link rel=\"canonical\" href=\"https:\/\/content.www.institutomaxilofacial.com\/en\/wp-json\/wp\/v2\/posts\/10384\/\" \/>\n<meta property=\"og:locale\" content=\"en_US\" \/>\n<meta property=\"og:type\" content=\"article\" \/>\n<meta property=\"og:title\" content=\"Prof. Hern\u00e1ndez Alfaro and his research team publish in the Open Respiratory Research magazine - Instituto Maxilofacial\" \/>\n<meta property=\"og:description\" content=\"Prof. Federico Hern\u00e1ndez-Alfaro, Dr. Adaia Valls, Dr. Jorge Masi\u00e0, Dr. Maria Giralt and Dr. Raquel Guijarro have recently published an article in the first quarter magazine BMJ Open Respiratory Research. This paper shows the conclusions of a study on the effects of maxillomandibular surgical advancement on ...\" \/>\n<meta property=\"og:url\" content=\"https:\/\/content.www.institutomaxilofacial.com\/en\/2019\/10\/22\/prof-hernandez-alfaro-and-his-research-team-publish-in-the-open-respiratory-research-magazine\/\" \/>\n<meta property=\"og:site_name\" content=\"Instituto Maxilofacial\" \/>\n<meta property=\"article:published_time\" content=\"2019-10-22T12:36:23+00:00\" \/>\n<meta property=\"og:image\" content=\"https:\/\/content.www.institutomaxilofacial.com\/wp-content\/uploads\/2019\/10\/WhatsApp-Image-2019-10-14-at-17.07.39.jpg\" \/>\n\t<meta property=\"og:image:width\" content=\"920\" \/>\n\t<meta property=\"og:image:height\" content=\"834\" \/>\n\t<meta property=\"og:image:type\" content=\"image\/jpeg\" \/>\n<meta name=\"author\" content=\"Instituto Maxilofacial\" \/>\n<meta name=\"twitter:card\" content=\"summary_large_image\" \/>\n<meta name=\"twitter:label1\" content=\"Written by\" \/>\n\t<meta name=\"twitter:data1\" content=\"Instituto Maxilofacial\" \/>\n\t<meta name=\"twitter:label2\" content=\"Est. reading time\" \/>\n\t<meta name=\"twitter:data2\" content=\"1 minute\" \/>\n<script type=\"application\/ld+json\" class=\"yoast-schema-graph\">{\"@context\":\"https:\/\/schema.org\",\"@graph\":[{\"@type\":\"Article\",\"@id\":\"https:\/\/content.www.institutomaxilofacial.com\/en\/2019\/10\/22\/prof-hernandez-alfaro-and-his-research-team-publish-in-the-open-respiratory-research-magazine\/#article\",\"isPartOf\":{\"@id\":\"https:\/\/content.www.institutomaxilofacial.com\/en\/2019\/10\/22\/prof-hernandez-alfaro-and-his-research-team-publish-in-the-open-respiratory-research-magazine\/\"},\"author\":{\"name\":\"Instituto Maxilofacial\",\"@id\":\"https:\/\/content.www.institutomaxilofacial.com\/ca\/#\/schema\/person\/e2337174d7361f36490eda6be8bcce62\"},\"headline\":\"Prof. Hern\u00e1ndez Alfaro and his research team publish in the Open Respiratory Research magazine\",\"datePublished\":\"2019-10-22T12:36:23+00:00\",\"mainEntityOfPage\":{\"@id\":\"https:\/\/content.www.institutomaxilofacial.com\/en\/2019\/10\/22\/prof-hernandez-alfaro-and-his-research-team-publish-in-the-open-respiratory-research-magazine\/\"},\"wordCount\":219,\"image\":{\"@id\":\"https:\/\/content.www.institutomaxilofacial.com\/en\/2019\/10\/22\/prof-hernandez-alfaro-and-his-research-team-publish-in-the-open-respiratory-research-magazine\/#primaryimage\"},\"thumbnailUrl\":\"https:\/\/content.www.institutomaxilofacial.com\/wp-content\/uploads\/2019\/10\/WhatsApp-Image-2019-10-14-at-17.07.39.jpg\",\"keywords\":[\"apnea del sue\u00f1o\",\"Cirug\u00eda Bimaxilar\",\"Orthognathic surgery\",\"Cirugia ortognatica bimaxilar\",\"Dr. Federico Hern\u00e1ndez Alfaro\",\"Dr. Hern\u00e1ndez Alfaro\",\"Dra. Adaia Valls\"],\"articleSection\":[\"Apnea del Sue\u00f1o\",\"Orthognathic Surgery\",\"Noticias\"],\"inLanguage\":\"en-US\"},{\"@type\":\"WebPage\",\"@id\":\"https:\/\/content.www.institutomaxilofacial.com\/en\/2019\/10\/22\/prof-hernandez-alfaro-and-his-research-team-publish-in-the-open-respiratory-research-magazine\/\",\"url\":\"https:\/\/content.www.institutomaxilofacial.com\/en\/2019\/10\/22\/prof-hernandez-alfaro-and-his-research-team-publish-in-the-open-respiratory-research-magazine\/\",\"name\":\"Prof. Hern\u00e1ndez Alfaro and his research team publish in the Open Respiratory Research magazine - Instituto Maxilofacial\",\"isPartOf\":{\"@id\":\"https:\/\/content.www.institutomaxilofacial.com\/ca\/#website\"},\"primaryImageOfPage\":{\"@id\":\"https:\/\/content.www.institutomaxilofacial.com\/en\/2019\/10\/22\/prof-hernandez-alfaro-and-his-research-team-publish-in-the-open-respiratory-research-magazine\/#primaryimage\"},\"image\":{\"@id\":\"https:\/\/content.www.institutomaxilofacial.com\/en\/2019\/10\/22\/prof-hernandez-alfaro-and-his-research-team-publish-in-the-open-respiratory-research-magazine\/#primaryimage\"},\"thumbnailUrl\":\"https:\/\/content.www.institutomaxilofacial.com\/wp-content\/uploads\/2019\/10\/WhatsApp-Image-2019-10-14-at-17.07.39.jpg\",\"datePublished\":\"2019-10-22T12:36:23+00:00\",\"author\":{\"@id\":\"https:\/\/content.www.institutomaxilofacial.com\/ca\/#\/schema\/person\/e2337174d7361f36490eda6be8bcce62\"},\"breadcrumb\":{\"@id\":\"https:\/\/content.www.institutomaxilofacial.com\/en\/2019\/10\/22\/prof-hernandez-alfaro-and-his-research-team-publish-in-the-open-respiratory-research-magazine\/#breadcrumb\"},\"inLanguage\":\"en-US\",\"potentialAction\":[{\"@type\":\"ReadAction\",\"target\":[\"https:\/\/content.www.institutomaxilofacial.com\/en\/2019\/10\/22\/prof-hernandez-alfaro-and-his-research-team-publish-in-the-open-respiratory-research-magazine\/\"]}]},{\"@type\":\"ImageObject\",\"inLanguage\":\"en-US\",\"@id\":\"https:\/\/content.www.institutomaxilofacial.com\/en\/2019\/10\/22\/prof-hernandez-alfaro-and-his-research-team-publish-in-the-open-respiratory-research-magazine\/#primaryimage\",\"url\":\"https:\/\/content.www.institutomaxilofacial.com\/wp-content\/uploads\/2019\/10\/WhatsApp-Image-2019-10-14-at-17.07.39.jpg\",\"contentUrl\":\"https:\/\/content.www.institutomaxilofacial.com\/wp-content\/uploads\/2019\/10\/WhatsApp-Image-2019-10-14-at-17.07.39.jpg\",\"width\":920,\"height\":834},{\"@type\":\"BreadcrumbList\",\"@id\":\"https:\/\/content.www.institutomaxilofacial.com\/en\/2019\/10\/22\/prof-hernandez-alfaro-and-his-research-team-publish-in-the-open-respiratory-research-magazine\/#breadcrumb\",\"itemListElement\":[{\"@type\":\"ListItem\",\"position\":1,\"name\":\"Portada\",\"item\":\"https:\/\/content.www.institutomaxilofacial.com\/es\/\"},{\"@type\":\"ListItem\",\"position\":2,\"name\":\"El Prof. Hern\u00e1ndez Alfaro y su equipo de investigaci\u00f3n publican en la revista Open Respiratory Research\"}]},{\"@type\":\"WebSite\",\"@id\":\"https:\/\/content.www.institutomaxilofacial.com\/ca\/#website\",\"url\":\"https:\/\/content.www.institutomaxilofacial.com\/ca\/\",\"name\":\"Instituto Maxilofacial\",\"description\":\"Experts in Orthognathic and Orthofacial Surgery. Precision, experience and passion for innovation\",\"potentialAction\":[{\"@type\":\"SearchAction\",\"target\":{\"@type\":\"EntryPoint\",\"urlTemplate\":\"https:\/\/content.www.institutomaxilofacial.com\/ca\/?s={search_term_string}\"},\"query-input\":{\"@type\":\"PropertyValueSpecification\",\"valueRequired\":true,\"valueName\":\"search_term_string\"}}],\"inLanguage\":\"en-US\"},{\"@type\":\"Person\",\"@id\":\"https:\/\/content.www.institutomaxilofacial.com\/ca\/#\/schema\/person\/e2337174d7361f36490eda6be8bcce62\",\"name\":\"Instituto Maxilofacial\",\"image\":{\"@type\":\"ImageObject\",\"inLanguage\":\"en-US\",\"@id\":\"https:\/\/secure.gravatar.com\/avatar\/a93fb58195b0f9073068e913f44ad5ef6a4c6112c7c5cfa4472664485276a4cd?s=96&d=mm&r=g\",\"url\":\"https:\/\/secure.gravatar.com\/avatar\/a93fb58195b0f9073068e913f44ad5ef6a4c6112c7c5cfa4472664485276a4cd?s=96&d=mm&r=g\",\"contentUrl\":\"https:\/\/secure.gravatar.com\/avatar\/a93fb58195b0f9073068e913f44ad5ef6a4c6112c7c5cfa4472664485276a4cd?s=96&d=mm&r=g\",\"caption\":\"Instituto Maxilofacial\"},\"description\":\"El Instituto Maxilofacial es uno de los centros m\u00e1s innovadores a nivel internacional en cirug\u00eda oral y maxilofacial. Sus especialistas, todos ellos profesores universitarios, han desarrollado numerosas t\u00e9cnicas y protocolos quir\u00fargicos, y ponen al servicio del paciente los tratamientos m\u00e1s vanguardistas con la tecnolog\u00eda m\u00e1s moderna.\",\"url\":\"https:\/\/content.www.institutomaxilofacial.com\/en\/author\/imaxilofacial\/\"}]}<\/script>\n<!-- \/ Yoast SEO plugin. -->","yoast_head_json":{"title":"Prof. Hern\u00e1ndez Alfaro and his research team publish in the Open Respiratory Research magazine - Instituto Maxilofacial","robots":{"index":"index","follow":"follow","max-snippet":"max-snippet:-1","max-image-preview":"max-image-preview:large","max-video-preview":"max-video-preview:-1"},"canonical":"https:\/\/content.www.institutomaxilofacial.com\/en\/wp-json\/wp\/v2\/posts\/10384\/","og_locale":"en_US","og_type":"article","og_title":"Prof. Hern\u00e1ndez Alfaro and his research team publish in the Open Respiratory Research magazine - Instituto Maxilofacial","og_description":"Prof. Federico Hern\u00e1ndez-Alfaro, Dr. Adaia Valls, Dr. Jorge Masi\u00e0, Dr. Maria Giralt and Dr. Raquel Guijarro have recently published an article in the first quarter magazine BMJ Open Respiratory Research. This paper shows the conclusions of a study on the effects of maxillomandibular surgical advancement on ...","og_url":"https:\/\/content.www.institutomaxilofacial.com\/en\/2019\/10\/22\/prof-hernandez-alfaro-and-his-research-team-publish-in-the-open-respiratory-research-magazine\/","og_site_name":"Instituto Maxilofacial","article_published_time":"2019-10-22T12:36:23+00:00","og_image":[{"width":920,"height":834,"url":"https:\/\/content.www.institutomaxilofacial.com\/wp-content\/uploads\/2019\/10\/WhatsApp-Image-2019-10-14-at-17.07.39.jpg","type":"image\/jpeg"}],"author":"Instituto Maxilofacial","twitter_card":"summary_large_image","twitter_misc":{"Written by":"Instituto Maxilofacial","Est. reading time":"1 minute"},"schema":{"@context":"https:\/\/schema.org","@graph":[{"@type":"Article","@id":"https:\/\/content.www.institutomaxilofacial.com\/en\/2019\/10\/22\/prof-hernandez-alfaro-and-his-research-team-publish-in-the-open-respiratory-research-magazine\/#article","isPartOf":{"@id":"https:\/\/content.www.institutomaxilofacial.com\/en\/2019\/10\/22\/prof-hernandez-alfaro-and-his-research-team-publish-in-the-open-respiratory-research-magazine\/"},"author":{"name":"Instituto Maxilofacial","@id":"https:\/\/content.www.institutomaxilofacial.com\/ca\/#\/schema\/person\/e2337174d7361f36490eda6be8bcce62"},"headline":"Prof. Hern\u00e1ndez Alfaro and his research team publish in the Open Respiratory Research magazine","datePublished":"2019-10-22T12:36:23+00:00","mainEntityOfPage":{"@id":"https:\/\/content.www.institutomaxilofacial.com\/en\/2019\/10\/22\/prof-hernandez-alfaro-and-his-research-team-publish-in-the-open-respiratory-research-magazine\/"},"wordCount":219,"image":{"@id":"https:\/\/content.www.institutomaxilofacial.com\/en\/2019\/10\/22\/prof-hernandez-alfaro-and-his-research-team-publish-in-the-open-respiratory-research-magazine\/#primaryimage"},"thumbnailUrl":"https:\/\/content.www.institutomaxilofacial.com\/wp-content\/uploads\/2019\/10\/WhatsApp-Image-2019-10-14-at-17.07.39.jpg","keywords":["apnea del sue\u00f1o","Cirug\u00eda Bimaxilar","Orthognathic surgery","Cirugia ortognatica bimaxilar","Dr. Federico Hern\u00e1ndez Alfaro","Dr. Hern\u00e1ndez Alfaro","Dra. Adaia Valls"],"articleSection":["Apnea del Sue\u00f1o","Orthognathic Surgery","Noticias"],"inLanguage":"en-US"},{"@type":"WebPage","@id":"https:\/\/content.www.institutomaxilofacial.com\/en\/2019\/10\/22\/prof-hernandez-alfaro-and-his-research-team-publish-in-the-open-respiratory-research-magazine\/","url":"https:\/\/content.www.institutomaxilofacial.com\/en\/2019\/10\/22\/prof-hernandez-alfaro-and-his-research-team-publish-in-the-open-respiratory-research-magazine\/","name":"Prof. Hern\u00e1ndez Alfaro and his research team publish in the Open Respiratory Research magazine - Instituto Maxilofacial","isPartOf":{"@id":"https:\/\/content.www.institutomaxilofacial.com\/ca\/#website"},"primaryImageOfPage":{"@id":"https:\/\/content.www.institutomaxilofacial.com\/en\/2019\/10\/22\/prof-hernandez-alfaro-and-his-research-team-publish-in-the-open-respiratory-research-magazine\/#primaryimage"},"image":{"@id":"https:\/\/content.www.institutomaxilofacial.com\/en\/2019\/10\/22\/prof-hernandez-alfaro-and-his-research-team-publish-in-the-open-respiratory-research-magazine\/#primaryimage"},"thumbnailUrl":"https:\/\/content.www.institutomaxilofacial.com\/wp-content\/uploads\/2019\/10\/WhatsApp-Image-2019-10-14-at-17.07.39.jpg","datePublished":"2019-10-22T12:36:23+00:00","author":{"@id":"https:\/\/content.www.institutomaxilofacial.com\/ca\/#\/schema\/person\/e2337174d7361f36490eda6be8bcce62"},"breadcrumb":{"@id":"https:\/\/content.www.institutomaxilofacial.com\/en\/2019\/10\/22\/prof-hernandez-alfaro-and-his-research-team-publish-in-the-open-respiratory-research-magazine\/#breadcrumb"},"inLanguage":"en-US","potentialAction":[{"@type":"ReadAction","target":["https:\/\/content.www.institutomaxilofacial.com\/en\/2019\/10\/22\/prof-hernandez-alfaro-and-his-research-team-publish-in-the-open-respiratory-research-magazine\/"]}]},{"@type":"ImageObject","inLanguage":"en-US","@id":"https:\/\/content.www.institutomaxilofacial.com\/en\/2019\/10\/22\/prof-hernandez-alfaro-and-his-research-team-publish-in-the-open-respiratory-research-magazine\/#primaryimage","url":"https:\/\/content.www.institutomaxilofacial.com\/wp-content\/uploads\/2019\/10\/WhatsApp-Image-2019-10-14-at-17.07.39.jpg","contentUrl":"https:\/\/content.www.institutomaxilofacial.com\/wp-content\/uploads\/2019\/10\/WhatsApp-Image-2019-10-14-at-17.07.39.jpg","width":920,"height":834},{"@type":"BreadcrumbList","@id":"https:\/\/content.www.institutomaxilofacial.com\/en\/2019\/10\/22\/prof-hernandez-alfaro-and-his-research-team-publish-in-the-open-respiratory-research-magazine\/#breadcrumb","itemListElement":[{"@type":"ListItem","position":1,"name":"Portada","item":"https:\/\/content.www.institutomaxilofacial.com\/es\/"},{"@type":"ListItem","position":2,"name":"El Prof. Hern\u00e1ndez Alfaro y su equipo de investigaci\u00f3n publican en la revista Open Respiratory Research"}]},{"@type":"WebSite","@id":"https:\/\/content.www.institutomaxilofacial.com\/ca\/#website","url":"https:\/\/content.www.institutomaxilofacial.com\/ca\/","name":"Instituto Maxilofacial","description":"Experts in Orthognathic and Orthofacial Surgery. Precision, experience and passion for innovation","potentialAction":[{"@type":"SearchAction","target":{"@type":"EntryPoint","urlTemplate":"https:\/\/content.www.institutomaxilofacial.com\/ca\/?s={search_term_string}"},"query-input":{"@type":"PropertyValueSpecification","valueRequired":true,"valueName":"search_term_string"}}],"inLanguage":"en-US"},{"@type":"Person","@id":"https:\/\/content.www.institutomaxilofacial.com\/ca\/#\/schema\/person\/e2337174d7361f36490eda6be8bcce62","name":"Instituto Maxilofacial","image":{"@type":"ImageObject","inLanguage":"en-US","@id":"https:\/\/secure.gravatar.com\/avatar\/a93fb58195b0f9073068e913f44ad5ef6a4c6112c7c5cfa4472664485276a4cd?s=96&d=mm&r=g","url":"https:\/\/secure.gravatar.com\/avatar\/a93fb58195b0f9073068e913f44ad5ef6a4c6112c7c5cfa4472664485276a4cd?s=96&d=mm&r=g","contentUrl":"https:\/\/secure.gravatar.com\/avatar\/a93fb58195b0f9073068e913f44ad5ef6a4c6112c7c5cfa4472664485276a4cd?s=96&d=mm&r=g","caption":"Instituto Maxilofacial"},"description":"El Instituto Maxilofacial es uno de los centros m\u00e1s innovadores a nivel internacional en cirug\u00eda oral y maxilofacial. Sus especialistas, todos ellos profesores universitarios, han desarrollado numerosas t\u00e9cnicas y protocolos quir\u00fargicos, y ponen al servicio del paciente los tratamientos m\u00e1s vanguardistas con la tecnolog\u00eda m\u00e1s moderna.","url":"https:\/\/content.www.institutomaxilofacial.com\/en\/author\/imaxilofacial\/"}]}},"meta_box":{"post-excerpt":""},"_links":{"self":[{"href":"https:\/\/content.www.institutomaxilofacial.com\/en\/wp-json\/wp\/v2\/posts\/10384","targetHints":{"allow":["GET"]}}],"collection":[{"href":"https:\/\/content.www.institutomaxilofacial.com\/en\/wp-json\/wp\/v2\/posts"}],"about":[{"href":"https:\/\/content.www.institutomaxilofacial.com\/en\/wp-json\/wp\/v2\/types\/post"}],"author":[{"embeddable":true,"href":"https:\/\/content.www.institutomaxilofacial.com\/en\/wp-json\/wp\/v2\/users\/6"}],"replies":[{"embeddable":true,"href":"https:\/\/content.www.institutomaxilofacial.com\/en\/wp-json\/wp\/v2\/comments?post=10384"}],"version-history":[{"count":1,"href":"https:\/\/content.www.institutomaxilofacial.com\/en\/wp-json\/wp\/v2\/posts\/10384\/revisions"}],"predecessor-version":[{"id":10386,"href":"https:\/\/content.www.institutomaxilofacial.com\/en\/wp-json\/wp\/v2\/posts\/10384\/revisions\/10386"}],"wp:featuredmedia":[{"embeddable":true,"href":"https:\/\/content.www.institutomaxilofacial.com\/en\/wp-json\/wp\/v2\/media\/10385"}],"wp:attachment":[{"href":"https:\/\/content.www.institutomaxilofacial.com\/en\/wp-json\/wp\/v2\/media?parent=10384"}],"wp:term":[{"taxonomy":"category","embeddable":true,"href":"https:\/\/content.www.institutomaxilofacial.com\/en\/wp-json\/wp\/v2\/categories?post=10384"},{"taxonomy":"post_tag","embeddable":true,"href":"https:\/\/content.www.institutomaxilofacial.com\/en\/wp-json\/wp\/v2\/tags?post=10384"}],"curies":[{"name":"wp","href":"https:\/\/api.w.org\/{rel}","templated":true}]}}