{"id":1404,"date":"2019-07-10T12:40:24","date_gmt":"2019-07-10T12:40:24","guid":{"rendered":"https:\/\/content.www.institutomaxilofacial.com\/blog\/?p=1404"},"modified":"2022-02-04T11:32:18","modified_gmt":"2022-02-04T09:32:18","slug":"puede-un-tumor-benigno-derivar-en-cancer-de-parotida","status":"publish","type":"post","link":"https:\/\/content.www.institutomaxilofacial.com\/en\/2019\/07\/10\/can-a-benign-tumor-lead-to-parotid-cancer\/","title":{"rendered":"Can a benign tumor lead to parotid cancer?"},"content":{"rendered":"<div class=\"kk-star-ratings kksr-auto kksr-align-right kksr-valign-top\"\n    data-payload='{&quot;align&quot;:&quot;right&quot;,&quot;id&quot;:&quot;1404&quot;,&quot;slug&quot;:&quot;default&quot;,&quot;valign&quot;:&quot;top&quot;,&quot;ignore&quot;:&quot;&quot;,&quot;reference&quot;:&quot;auto&quot;,&quot;class&quot;:&quot;&quot;,&quot;count&quot;:&quot;15&quot;,&quot;legendonly&quot;:&quot;&quot;,&quot;readonly&quot;:&quot;&quot;,&quot;score&quot;:&quot;4.5&quot;,&quot;starsonly&quot;:&quot;&quot;,&quot;best&quot;:&quot;5&quot;,&quot;gap&quot;:&quot;5&quot;,&quot;greet&quot;:&quot;Rate this post&quot;,&quot;legend&quot;:&quot;4.5\\\/5 - (15 votes)&quot;,&quot;size&quot;:&quot;30&quot;,&quot;title&quot;:&quot;Can a benign tumor lead to parotid cancer?&quot;,&quot;width&quot;:&quot;155&quot;,&quot;_legend&quot;:&quot;{score}\\\/{best} - ({count} {votes})&quot;,&quot;font_factor&quot;:&quot;1.25&quot;}'>\n            \n<div class=\"kksr-stars\">\n    \n<div class=\"kksr-stars-inactive\">\n            <div class=\"kksr-star\" data-star=\"1\" style=\"padding-right: 5px\">\n            \n\n<div class=\"kksr-icon\" style=\"width: 30px; height: 30px;\"><\/div>\n        <\/div>\n            <div class=\"kksr-star\" data-star=\"2\" style=\"padding-right: 5px\">\n            \n\n<div class=\"kksr-icon\" style=\"width: 30px; height: 30px;\"><\/div>\n        <\/div>\n            <div class=\"kksr-star\" data-star=\"3\" style=\"padding-right: 5px\">\n            \n\n<div class=\"kksr-icon\" style=\"width: 30px; height: 30px;\"><\/div>\n        <\/div>\n            <div class=\"kksr-star\" data-star=\"4\" style=\"padding-right: 5px\">\n            \n\n<div class=\"kksr-icon\" style=\"width: 30px; height: 30px;\"><\/div>\n        <\/div>\n            <div class=\"kksr-star\" data-star=\"5\" style=\"padding-right: 5px\">\n            \n\n<div class=\"kksr-icon\" style=\"width: 30px; height: 30px;\"><\/div>\n        <\/div>\n    <\/div>\n    \n<div class=\"kksr-stars-active\" style=\"width: 155px;\">\n            <div class=\"kksr-star\" style=\"padding-right: 5px\">\n            \n\n<div class=\"kksr-icon\" style=\"width: 30px; height: 30px;\"><\/div>\n        <\/div>\n            <div class=\"kksr-star\" style=\"padding-right: 5px\">\n            \n\n<div class=\"kksr-icon\" style=\"width: 30px; height: 30px;\"><\/div>\n        <\/div>\n            <div class=\"kksr-star\" style=\"padding-right: 5px\">\n            \n\n<div class=\"kksr-icon\" style=\"width: 30px; height: 30px;\"><\/div>\n        <\/div>\n            <div class=\"kksr-star\" style=\"padding-right: 5px\">\n            \n\n<div class=\"kksr-icon\" style=\"width: 30px; height: 30px;\"><\/div>\n        <\/div>\n            <div class=\"kksr-star\" style=\"padding-right: 5px\">\n            \n\n<div class=\"kksr-icon\" style=\"width: 30px; height: 30px;\"><\/div>\n        <\/div>\n    <\/div>\n<\/div>\n                \n\n<div class=\"kksr-legend\" style=\"font-size: 24px;\">\n            4.5\/5 - (15 votes)    <\/div>\n    <\/div>\n<p>At <strong>Maxillofacial Institute<\/strong>, we receive numerous consultations from patients who underwent surgery for <a href=\"https:\/\/www.institutomaxilofacial.com\/en\/tratamiento\/salivary-gland-tumours\/\" target=\"_blank\" rel=\"noopener noreferrer\">tumors of the parotid gland<\/a>, asking if there is a risk that the tumor will reappear. Let&#8217;s see:<\/p>\n<p><strong>Most tumors of the salivary glands and specifically of the parotid gland are benign<\/strong>. The most frequent is the so-called mixed tumor or pleomorphic adenoma. The second most frequent is the so-called Warthin tumor. In both cases, <strong>the total removal of the tumor, definitely eliminates the problem.<\/strong><\/p>\n<p>There have been cases -exceptional- of malignization of these benign tumors when they are allowed to evolve for a long time. Therefore, <strong>it is essential to perform its removal once localized.<\/strong> This extirpation involves some technical difficulty, since the facial nerve -responsible for the mobility of the muscles of the face-, runs through the parotid gland. Therefore it is necessary to make a careful separation during surgery to avoid injury. In this surgery, the type and course of the incision in the skin is important, to avoid visible scars.<\/p>\n<p><strong>Related:<\/strong> <a href=\"https:\/\/www.institutomaxilofacial.com\/en\/2014\/05\/01\/en-que-consiste-el-neuroestimulador-del-nervio-facial\/\" target=\"_blank\" rel=\"noopener noreferrer\">What is a facial nerve neurostimulator?<\/a><\/p>\n<p>At the <strong>Maxillofacial Institute<\/strong>, we designed and <a href=\"https:\/\/www.institutomaxilofacial.com\/wp-content\/uploads\/2016\/05\/Minimal-incision-in-parotidectomy.-IJOMS-2007.pdf\" target=\"_blank\" rel=\"noopener noreferrer\">published an original technique<\/a> in the <em>International Journal of Oral and Maxillofacial Surgery<\/em>, which allows for the removal of benign tumors of the parotid gland by means of a hidden incision (similar to that performed for a facelift). In adittion, Dr. Adaia Valls, from our medical team, has been working for years to minimize the aggressiveness of these tumors and thus be able to reduce the sequelae and facilitate the return of patients to their normal lives.<\/p>\n<p><strong>Malignant tumors of the salivary glands and parotid glands are fortunately much less frequent<\/strong>, but the signs at the onset of the disease are similar: a hard mass in the area surrounding the lower portion of the ear. The diagnosis of malignancy is established after puncturing the tumor and obtaining cells that, once studied under a microscope, are labeled as malignant. In these cases, the <strong>surgery tends to be more radical,<\/strong> and often involves the removal of a part of the facial nerve if it is affected. Depending on the type of malignant tumor, it is sometimes necessary to remove the lymph nodes of the neck, and to perform radio and \/ or chemotherapy.<\/p>\n<p>In conclusion, it is important that <strong>if you detect any nodule, lump or tumor on the face, you make a consultation with your specialist as soon as posible<\/strong>. If you want to visit with the <strong>Maxillofacial Institute<\/strong> experts you can contact us at international@institutomaxilofacial.com<\/p>\n<p><strong>Video:<\/strong> <a href=\"https:\/\/www.institutomaxilofacial.com\/en\/experto\/los-tumores-de-parotida\/\" target=\"_blank\" rel=\"noopener noreferrer\">Parotid Tumors<\/a><\/p>","protected":false},"excerpt":{"rendered":"<p>At Maxillofacial Institute, we receive numerous consultations from patients who underwent surgery for tumors of the parotid gland, asking if there is a risk that the tumor will reappear. Let&#8217;s see:<br \/>\nMost tumors of the salivary glands and specifically of the parotid gland are benign. The &#8230;<\/p>\n","protected":false},"author":6,"featured_media":9982,"comment_status":"closed","ping_status":"closed","sticky":false,"template":"","format":"standard","meta":{"footnotes":""},"categories":[83,280],"tags":[730,246,55,134,275,394,247,731],"class_list":["post-1404","post","type-post","status-publish","format-standard","has-post-thumbnail","hentry","category-cirugia-oral-y-maxilofacial","category-oncologia-cabeza-cuello","tag-cancer-de-cabeza-y-cuello","tag-cancer-de-parotida","tag-cirugia-maxilofacial","tag-cirugia-minimamente-invasiva","tag-dra-adaia-valls","tag-glandula-parotida","tag-glandulas-salivares","tag-oncologia-maxilofacial"],"yoast_head":"<!-- This site is optimized with the Yoast SEO plugin v27.4 - https:\/\/yoast.com\/product\/yoast-seo-wordpress\/ -->\n<title>Can a benign tumor lead to parotid cancer? - Instituto Maxilofacial<\/title>\n<meta name=\"robots\" content=\"index, follow, max-snippet:-1, max-image-preview:large, max-video-preview:-1\" \/>\n<link rel=\"canonical\" href=\"https:\/\/content.www.institutomaxilofacial.com\/en\/wp-json\/wp\/v2\/posts\/1404\/\" \/>\n<meta property=\"og:locale\" content=\"en_US\" \/>\n<meta property=\"og:type\" content=\"article\" \/>\n<meta property=\"og:title\" content=\"Can a benign tumor lead to parotid cancer? - Instituto Maxilofacial\" \/>\n<meta property=\"og:description\" content=\"At Maxillofacial Institute, we receive numerous consultations from patients who underwent surgery for tumors of the parotid gland, asking if there is a risk that the tumor will reappear. Let&#8217;s see: Most tumors of the salivary glands and specifically of the parotid gland are benign. The ...\" \/>\n<meta property=\"og:url\" content=\"https:\/\/content.www.institutomaxilofacial.com\/es\/2019\/07\/10\/puede-un-tumor-benigno-derivar-en-cancer-de-parotida\/\" \/>\n<meta property=\"og:site_name\" content=\"Instituto Maxilofacial\" \/>\n<meta property=\"article:published_time\" content=\"2019-07-10T12:40:24+00:00\" \/>\n<meta property=\"article:modified_time\" content=\"2022-02-04T09:32:18+00:00\" \/>\n<meta property=\"og:image\" content=\"https:\/\/content.www.institutomaxilofacial.com\/wp-content\/uploads\/2012\/12\/iStock-17.jpg\" \/>\n\t<meta property=\"og:image:width\" content=\"2835\" \/>\n\t<meta property=\"og:image:height\" content=\"1571\" \/>\n\t<meta property=\"og:image:type\" content=\"image\/jpeg\" \/>\n<meta name=\"author\" content=\"Instituto Maxilofacial\" \/>\n<meta name=\"twitter:card\" content=\"summary_large_image\" \/>\n<meta name=\"twitter:label1\" content=\"Written by\" \/>\n\t<meta name=\"twitter:data1\" content=\"Instituto Maxilofacial\" \/>\n\t<meta name=\"twitter:label2\" content=\"Est. reading time\" \/>\n\t<meta name=\"twitter:data2\" content=\"2 minutes\" \/>\n<script type=\"application\/ld+json\" class=\"yoast-schema-graph\">{\"@context\":\"https:\\\/\\\/schema.org\",\"@graph\":[{\"@type\":\"Article\",\"@id\":\"https:\\\/\\\/content.www.institutomaxilofacial.com\\\/es\\\/2019\\\/07\\\/10\\\/puede-un-tumor-benigno-derivar-en-cancer-de-parotida\\\/#article\",\"isPartOf\":{\"@id\":\"https:\\\/\\\/content.www.institutomaxilofacial.com\\\/es\\\/2019\\\/07\\\/10\\\/puede-un-tumor-benigno-derivar-en-cancer-de-parotida\\\/\"},\"author\":{\"name\":\"Instituto Maxilofacial\",\"@id\":\"https:\\\/\\\/content.www.institutomaxilofacial.com\\\/ca\\\/#\\\/schema\\\/person\\\/e2337174d7361f36490eda6be8bcce62\"},\"headline\":\"Can a benign tumor lead to parotid cancer?\",\"datePublished\":\"2019-07-10T12:40:24+00:00\",\"dateModified\":\"2022-02-04T09:32:18+00:00\",\"mainEntityOfPage\":{\"@id\":\"https:\\\/\\\/content.www.institutomaxilofacial.com\\\/es\\\/2019\\\/07\\\/10\\\/puede-un-tumor-benigno-derivar-en-cancer-de-parotida\\\/\"},\"wordCount\":1367,\"image\":{\"@id\":\"https:\\\/\\\/content.www.institutomaxilofacial.com\\\/es\\\/2019\\\/07\\\/10\\\/puede-un-tumor-benigno-derivar-en-cancer-de-parotida\\\/#primaryimage\"},\"thumbnailUrl\":\"https:\\\/\\\/content.www.institutomaxilofacial.com\\\/wp-content\\\/uploads\\\/2012\\\/12\\\/iStock-17.jpg\",\"keywords\":[\"cancer de cabeza y cuello\",\"c\u00e1ncer de par\u00f3tida\",\"Cirug\u00eda maxilofacial\",\"Cirug\u00eda m\u00ednimamente invasiva\",\"Dra. Adaia Valls\",\"Gl\u00e1ndula Par\u00f3tida\",\"gl\u00e1ndulas salivares\",\"oncolog\u00eda maxilofacial\"],\"articleSection\":[\"Cirug\u00eda Maxilofacial\",\"Unidad de oncolog\u00eda de cabeza y cuello\"],\"inLanguage\":\"en-US\"},{\"@type\":\"WebPage\",\"@id\":\"https:\\\/\\\/content.www.institutomaxilofacial.com\\\/es\\\/2019\\\/07\\\/10\\\/puede-un-tumor-benigno-derivar-en-cancer-de-parotida\\\/\",\"url\":\"https:\\\/\\\/content.www.institutomaxilofacial.com\\\/es\\\/2019\\\/07\\\/10\\\/puede-un-tumor-benigno-derivar-en-cancer-de-parotida\\\/\",\"name\":\"Can a benign tumor lead to parotid cancer? - Instituto Maxilofacial\",\"isPartOf\":{\"@id\":\"https:\\\/\\\/content.www.institutomaxilofacial.com\\\/ca\\\/#website\"},\"primaryImageOfPage\":{\"@id\":\"https:\\\/\\\/content.www.institutomaxilofacial.com\\\/es\\\/2019\\\/07\\\/10\\\/puede-un-tumor-benigno-derivar-en-cancer-de-parotida\\\/#primaryimage\"},\"image\":{\"@id\":\"https:\\\/\\\/content.www.institutomaxilofacial.com\\\/es\\\/2019\\\/07\\\/10\\\/puede-un-tumor-benigno-derivar-en-cancer-de-parotida\\\/#primaryimage\"},\"thumbnailUrl\":\"https:\\\/\\\/content.www.institutomaxilofacial.com\\\/wp-content\\\/uploads\\\/2012\\\/12\\\/iStock-17.jpg\",\"datePublished\":\"2019-07-10T12:40:24+00:00\",\"dateModified\":\"2022-02-04T09:32:18+00:00\",\"author\":{\"@id\":\"https:\\\/\\\/content.www.institutomaxilofacial.com\\\/ca\\\/#\\\/schema\\\/person\\\/e2337174d7361f36490eda6be8bcce62\"},\"breadcrumb\":{\"@id\":\"https:\\\/\\\/content.www.institutomaxilofacial.com\\\/es\\\/2019\\\/07\\\/10\\\/puede-un-tumor-benigno-derivar-en-cancer-de-parotida\\\/#breadcrumb\"},\"inLanguage\":\"en-US\",\"potentialAction\":[{\"@type\":\"ReadAction\",\"target\":[\"https:\\\/\\\/content.www.institutomaxilofacial.com\\\/es\\\/2019\\\/07\\\/10\\\/puede-un-tumor-benigno-derivar-en-cancer-de-parotida\\\/\"]}]},{\"@type\":\"ImageObject\",\"inLanguage\":\"en-US\",\"@id\":\"https:\\\/\\\/content.www.institutomaxilofacial.com\\\/es\\\/2019\\\/07\\\/10\\\/puede-un-tumor-benigno-derivar-en-cancer-de-parotida\\\/#primaryimage\",\"url\":\"https:\\\/\\\/content.www.institutomaxilofacial.com\\\/wp-content\\\/uploads\\\/2012\\\/12\\\/iStock-17.jpg\",\"contentUrl\":\"https:\\\/\\\/content.www.institutomaxilofacial.com\\\/wp-content\\\/uploads\\\/2012\\\/12\\\/iStock-17.jpg\",\"width\":2835,\"height\":1571},{\"@type\":\"BreadcrumbList\",\"@id\":\"https:\\\/\\\/content.www.institutomaxilofacial.com\\\/es\\\/2019\\\/07\\\/10\\\/puede-un-tumor-benigno-derivar-en-cancer-de-parotida\\\/#breadcrumb\",\"itemListElement\":[{\"@type\":\"ListItem\",\"position\":1,\"name\":\"Portada\",\"item\":\"https:\\\/\\\/content.www.institutomaxilofacial.com\\\/es\\\/\"},{\"@type\":\"ListItem\",\"position\":2,\"name\":\"\u00bfPuede un tumor benigno derivar en c\u00e1ncer de par\u00f3tida?\"}]},{\"@type\":\"WebSite\",\"@id\":\"https:\\\/\\\/content.www.institutomaxilofacial.com\\\/ca\\\/#website\",\"url\":\"https:\\\/\\\/content.www.institutomaxilofacial.com\\\/ca\\\/\",\"name\":\"Instituto Maxilofacial\",\"description\":\"Experts in Orthognathic and Orthofacial Surgery. Precision, experience and passion for innovation\",\"potentialAction\":[{\"@type\":\"SearchAction\",\"target\":{\"@type\":\"EntryPoint\",\"urlTemplate\":\"https:\\\/\\\/content.www.institutomaxilofacial.com\\\/ca\\\/?s={search_term_string}\"},\"query-input\":{\"@type\":\"PropertyValueSpecification\",\"valueRequired\":true,\"valueName\":\"search_term_string\"}}],\"inLanguage\":\"en-US\"},{\"@type\":\"Person\",\"@id\":\"https:\\\/\\\/content.www.institutomaxilofacial.com\\\/ca\\\/#\\\/schema\\\/person\\\/e2337174d7361f36490eda6be8bcce62\",\"name\":\"Instituto Maxilofacial\",\"image\":{\"@type\":\"ImageObject\",\"inLanguage\":\"en-US\",\"@id\":\"https:\\\/\\\/secure.gravatar.com\\\/avatar\\\/a93fb58195b0f9073068e913f44ad5ef6a4c6112c7c5cfa4472664485276a4cd?s=96&d=mm&r=g\",\"url\":\"https:\\\/\\\/secure.gravatar.com\\\/avatar\\\/a93fb58195b0f9073068e913f44ad5ef6a4c6112c7c5cfa4472664485276a4cd?s=96&d=mm&r=g\",\"contentUrl\":\"https:\\\/\\\/secure.gravatar.com\\\/avatar\\\/a93fb58195b0f9073068e913f44ad5ef6a4c6112c7c5cfa4472664485276a4cd?s=96&d=mm&r=g\",\"caption\":\"Instituto Maxilofacial\"},\"description\":\"El Instituto Maxilofacial es uno de los centros m\u00e1s innovadores a nivel internacional en cirug\u00eda oral y maxilofacial. Sus especialistas, todos ellos profesores universitarios, han desarrollado numerosas t\u00e9cnicas y protocolos quir\u00fargicos, y ponen al servicio del paciente los tratamientos m\u00e1s vanguardistas con la tecnolog\u00eda m\u00e1s moderna.\",\"url\":\"https:\\\/\\\/content.www.institutomaxilofacial.com\\\/en\\\/author\\\/imaxilofacial\\\/\"}]}<\/script>\n<!-- \/ Yoast SEO plugin. -->","yoast_head_json":{"title":"Can a benign tumor lead to parotid cancer? - Instituto Maxilofacial","robots":{"index":"index","follow":"follow","max-snippet":"max-snippet:-1","max-image-preview":"max-image-preview:large","max-video-preview":"max-video-preview:-1"},"canonical":"https:\/\/content.www.institutomaxilofacial.com\/en\/wp-json\/wp\/v2\/posts\/1404\/","og_locale":"en_US","og_type":"article","og_title":"Can a benign tumor lead to parotid cancer? - Instituto Maxilofacial","og_description":"At Maxillofacial Institute, we receive numerous consultations from patients who underwent surgery for tumors of the parotid gland, asking if there is a risk that the tumor will reappear. Let&#8217;s see: Most tumors of the salivary glands and specifically of the parotid gland are benign. The ...","og_url":"https:\/\/content.www.institutomaxilofacial.com\/es\/2019\/07\/10\/puede-un-tumor-benigno-derivar-en-cancer-de-parotida\/","og_site_name":"Instituto Maxilofacial","article_published_time":"2019-07-10T12:40:24+00:00","article_modified_time":"2022-02-04T09:32:18+00:00","og_image":[{"width":2835,"height":1571,"url":"https:\/\/content.www.institutomaxilofacial.com\/wp-content\/uploads\/2012\/12\/iStock-17.jpg","type":"image\/jpeg"}],"author":"Instituto Maxilofacial","twitter_card":"summary_large_image","twitter_misc":{"Written by":"Instituto Maxilofacial","Est. reading time":"2 minutes"},"schema":{"@context":"https:\/\/schema.org","@graph":[{"@type":"Article","@id":"https:\/\/content.www.institutomaxilofacial.com\/es\/2019\/07\/10\/puede-un-tumor-benigno-derivar-en-cancer-de-parotida\/#article","isPartOf":{"@id":"https:\/\/content.www.institutomaxilofacial.com\/es\/2019\/07\/10\/puede-un-tumor-benigno-derivar-en-cancer-de-parotida\/"},"author":{"name":"Instituto Maxilofacial","@id":"https:\/\/content.www.institutomaxilofacial.com\/ca\/#\/schema\/person\/e2337174d7361f36490eda6be8bcce62"},"headline":"Can a benign tumor lead to parotid cancer?","datePublished":"2019-07-10T12:40:24+00:00","dateModified":"2022-02-04T09:32:18+00:00","mainEntityOfPage":{"@id":"https:\/\/content.www.institutomaxilofacial.com\/es\/2019\/07\/10\/puede-un-tumor-benigno-derivar-en-cancer-de-parotida\/"},"wordCount":1367,"image":{"@id":"https:\/\/content.www.institutomaxilofacial.com\/es\/2019\/07\/10\/puede-un-tumor-benigno-derivar-en-cancer-de-parotida\/#primaryimage"},"thumbnailUrl":"https:\/\/content.www.institutomaxilofacial.com\/wp-content\/uploads\/2012\/12\/iStock-17.jpg","keywords":["cancer de cabeza y cuello","c\u00e1ncer de par\u00f3tida","Cirug\u00eda maxilofacial","Cirug\u00eda m\u00ednimamente invasiva","Dra. Adaia Valls","Gl\u00e1ndula Par\u00f3tida","gl\u00e1ndulas salivares","oncolog\u00eda maxilofacial"],"articleSection":["Cirug\u00eda Maxilofacial","Unidad de oncolog\u00eda de cabeza y cuello"],"inLanguage":"en-US"},{"@type":"WebPage","@id":"https:\/\/content.www.institutomaxilofacial.com\/es\/2019\/07\/10\/puede-un-tumor-benigno-derivar-en-cancer-de-parotida\/","url":"https:\/\/content.www.institutomaxilofacial.com\/es\/2019\/07\/10\/puede-un-tumor-benigno-derivar-en-cancer-de-parotida\/","name":"Can a benign tumor lead to parotid cancer? - Instituto Maxilofacial","isPartOf":{"@id":"https:\/\/content.www.institutomaxilofacial.com\/ca\/#website"},"primaryImageOfPage":{"@id":"https:\/\/content.www.institutomaxilofacial.com\/es\/2019\/07\/10\/puede-un-tumor-benigno-derivar-en-cancer-de-parotida\/#primaryimage"},"image":{"@id":"https:\/\/content.www.institutomaxilofacial.com\/es\/2019\/07\/10\/puede-un-tumor-benigno-derivar-en-cancer-de-parotida\/#primaryimage"},"thumbnailUrl":"https:\/\/content.www.institutomaxilofacial.com\/wp-content\/uploads\/2012\/12\/iStock-17.jpg","datePublished":"2019-07-10T12:40:24+00:00","dateModified":"2022-02-04T09:32:18+00:00","author":{"@id":"https:\/\/content.www.institutomaxilofacial.com\/ca\/#\/schema\/person\/e2337174d7361f36490eda6be8bcce62"},"breadcrumb":{"@id":"https:\/\/content.www.institutomaxilofacial.com\/es\/2019\/07\/10\/puede-un-tumor-benigno-derivar-en-cancer-de-parotida\/#breadcrumb"},"inLanguage":"en-US","potentialAction":[{"@type":"ReadAction","target":["https:\/\/content.www.institutomaxilofacial.com\/es\/2019\/07\/10\/puede-un-tumor-benigno-derivar-en-cancer-de-parotida\/"]}]},{"@type":"ImageObject","inLanguage":"en-US","@id":"https:\/\/content.www.institutomaxilofacial.com\/es\/2019\/07\/10\/puede-un-tumor-benigno-derivar-en-cancer-de-parotida\/#primaryimage","url":"https:\/\/content.www.institutomaxilofacial.com\/wp-content\/uploads\/2012\/12\/iStock-17.jpg","contentUrl":"https:\/\/content.www.institutomaxilofacial.com\/wp-content\/uploads\/2012\/12\/iStock-17.jpg","width":2835,"height":1571},{"@type":"BreadcrumbList","@id":"https:\/\/content.www.institutomaxilofacial.com\/es\/2019\/07\/10\/puede-un-tumor-benigno-derivar-en-cancer-de-parotida\/#breadcrumb","itemListElement":[{"@type":"ListItem","position":1,"name":"Portada","item":"https:\/\/content.www.institutomaxilofacial.com\/es\/"},{"@type":"ListItem","position":2,"name":"\u00bfPuede un tumor benigno derivar en c\u00e1ncer de par\u00f3tida?"}]},{"@type":"WebSite","@id":"https:\/\/content.www.institutomaxilofacial.com\/ca\/#website","url":"https:\/\/content.www.institutomaxilofacial.com\/ca\/","name":"Instituto Maxilofacial","description":"Experts in Orthognathic and Orthofacial Surgery. Precision, experience and passion for innovation","potentialAction":[{"@type":"SearchAction","target":{"@type":"EntryPoint","urlTemplate":"https:\/\/content.www.institutomaxilofacial.com\/ca\/?s={search_term_string}"},"query-input":{"@type":"PropertyValueSpecification","valueRequired":true,"valueName":"search_term_string"}}],"inLanguage":"en-US"},{"@type":"Person","@id":"https:\/\/content.www.institutomaxilofacial.com\/ca\/#\/schema\/person\/e2337174d7361f36490eda6be8bcce62","name":"Instituto Maxilofacial","image":{"@type":"ImageObject","inLanguage":"en-US","@id":"https:\/\/secure.gravatar.com\/avatar\/a93fb58195b0f9073068e913f44ad5ef6a4c6112c7c5cfa4472664485276a4cd?s=96&d=mm&r=g","url":"https:\/\/secure.gravatar.com\/avatar\/a93fb58195b0f9073068e913f44ad5ef6a4c6112c7c5cfa4472664485276a4cd?s=96&d=mm&r=g","contentUrl":"https:\/\/secure.gravatar.com\/avatar\/a93fb58195b0f9073068e913f44ad5ef6a4c6112c7c5cfa4472664485276a4cd?s=96&d=mm&r=g","caption":"Instituto Maxilofacial"},"description":"El Instituto Maxilofacial es uno de los centros m\u00e1s innovadores a nivel internacional en cirug\u00eda oral y maxilofacial. Sus especialistas, todos ellos profesores universitarios, han desarrollado numerosas t\u00e9cnicas y protocolos quir\u00fargicos, y ponen al servicio del paciente los tratamientos m\u00e1s vanguardistas con la tecnolog\u00eda m\u00e1s moderna.","url":"https:\/\/content.www.institutomaxilofacial.com\/en\/author\/imaxilofacial\/"}]}},"meta_box":{"post-excerpt":""},"_links":{"self":[{"href":"https:\/\/content.www.institutomaxilofacial.com\/en\/wp-json\/wp\/v2\/posts\/1404","targetHints":{"allow":["GET"]}}],"collection":[{"href":"https:\/\/content.www.institutomaxilofacial.com\/en\/wp-json\/wp\/v2\/posts"}],"about":[{"href":"https:\/\/content.www.institutomaxilofacial.com\/en\/wp-json\/wp\/v2\/types\/post"}],"author":[{"embeddable":true,"href":"https:\/\/content.www.institutomaxilofacial.com\/en\/wp-json\/wp\/v2\/users\/6"}],"replies":[{"embeddable":true,"href":"https:\/\/content.www.institutomaxilofacial.com\/en\/wp-json\/wp\/v2\/comments?post=1404"}],"version-history":[{"count":7,"href":"https:\/\/content.www.institutomaxilofacial.com\/en\/wp-json\/wp\/v2\/posts\/1404\/revisions"}],"predecessor-version":[{"id":12453,"href":"https:\/\/content.www.institutomaxilofacial.com\/en\/wp-json\/wp\/v2\/posts\/1404\/revisions\/12453"}],"wp:featuredmedia":[{"embeddable":true,"href":"https:\/\/content.www.institutomaxilofacial.com\/en\/wp-json\/wp\/v2\/media\/9982"}],"wp:attachment":[{"href":"https:\/\/content.www.institutomaxilofacial.com\/en\/wp-json\/wp\/v2\/media?parent=1404"}],"wp:term":[{"taxonomy":"category","embeddable":true,"href":"https:\/\/content.www.institutomaxilofacial.com\/en\/wp-json\/wp\/v2\/categories?post=1404"},{"taxonomy":"post_tag","embeddable":true,"href":"https:\/\/content.www.institutomaxilofacial.com\/en\/wp-json\/wp\/v2\/tags?post=1404"}],"curies":[{"name":"wp","href":"https:\/\/api.w.org\/{rel}","templated":true}]}}