{"id":1424,"date":"2013-02-04T11:33:16","date_gmt":"2013-02-04T10:33:16","guid":{"rendered":"https:\/\/content.www.institutomaxilofacial.com\/blog\/?p=1424"},"modified":"2022-02-04T11:30:49","modified_gmt":"2022-02-04T09:30:49","slug":"como-puedo-prevenir-el-cancer-oral","status":"publish","type":"post","link":"https:\/\/content.www.institutomaxilofacial.com\/en\/2013\/02\/04\/como-puedo-prevenir-el-cancer-oral\/","title":{"rendered":"How can I prevent oral cancer?"},"content":{"rendered":"<div class=\"kk-star-ratings kksr-auto kksr-align-right kksr-valign-top\"\n    data-payload='{&quot;align&quot;:&quot;right&quot;,&quot;id&quot;:&quot;1424&quot;,&quot;slug&quot;:&quot;default&quot;,&quot;valign&quot;:&quot;top&quot;,&quot;ignore&quot;:&quot;&quot;,&quot;reference&quot;:&quot;auto&quot;,&quot;class&quot;:&quot;&quot;,&quot;count&quot;:&quot;0&quot;,&quot;legendonly&quot;:&quot;&quot;,&quot;readonly&quot;:&quot;&quot;,&quot;score&quot;:&quot;0&quot;,&quot;starsonly&quot;:&quot;&quot;,&quot;best&quot;:&quot;5&quot;,&quot;gap&quot;:&quot;5&quot;,&quot;greet&quot;:&quot;Rate this post&quot;,&quot;legend&quot;:&quot;0\\\/5 - (0 votes)&quot;,&quot;size&quot;:&quot;30&quot;,&quot;title&quot;:&quot;How can I prevent oral cancer?&quot;,&quot;width&quot;:&quot;0&quot;,&quot;_legend&quot;:&quot;{score}\\\/{best} - ({count} {votes})&quot;,&quot;font_factor&quot;:&quot;1.25&quot;}'>\n            \n<div class=\"kksr-stars\">\n    \n<div class=\"kksr-stars-inactive\">\n            <div class=\"kksr-star\" data-star=\"1\" style=\"padding-right: 5px\">\n            \n\n<div class=\"kksr-icon\" style=\"width: 30px; height: 30px;\"><\/div>\n        <\/div>\n            <div class=\"kksr-star\" data-star=\"2\" style=\"padding-right: 5px\">\n            \n\n<div class=\"kksr-icon\" style=\"width: 30px; height: 30px;\"><\/div>\n        <\/div>\n            <div class=\"kksr-star\" data-star=\"3\" style=\"padding-right: 5px\">\n            \n\n<div class=\"kksr-icon\" style=\"width: 30px; height: 30px;\"><\/div>\n        <\/div>\n            <div class=\"kksr-star\" data-star=\"4\" style=\"padding-right: 5px\">\n            \n\n<div class=\"kksr-icon\" style=\"width: 30px; height: 30px;\"><\/div>\n        <\/div>\n            <div class=\"kksr-star\" data-star=\"5\" style=\"padding-right: 5px\">\n            \n\n<div class=\"kksr-icon\" style=\"width: 30px; height: 30px;\"><\/div>\n        <\/div>\n    <\/div>\n    \n<div class=\"kksr-stars-active\" style=\"width: 0px;\">\n            <div class=\"kksr-star\" style=\"padding-right: 5px\">\n            \n\n<div class=\"kksr-icon\" style=\"width: 30px; height: 30px;\"><\/div>\n        <\/div>\n            <div class=\"kksr-star\" style=\"padding-right: 5px\">\n            \n\n<div class=\"kksr-icon\" style=\"width: 30px; height: 30px;\"><\/div>\n        <\/div>\n            <div class=\"kksr-star\" style=\"padding-right: 5px\">\n            \n\n<div class=\"kksr-icon\" style=\"width: 30px; height: 30px;\"><\/div>\n        <\/div>\n            <div class=\"kksr-star\" style=\"padding-right: 5px\">\n            \n\n<div class=\"kksr-icon\" style=\"width: 30px; height: 30px;\"><\/div>\n        <\/div>\n            <div class=\"kksr-star\" style=\"padding-right: 5px\">\n            \n\n<div class=\"kksr-icon\" style=\"width: 30px; height: 30px;\"><\/div>\n        <\/div>\n    <\/div>\n<\/div>\n                \n\n<div class=\"kksr-legend\" style=\"font-size: 24px;\">\n            <span class=\"kksr-muted\">Rate this post<\/span>\n    <\/div>\n    <\/div>\n<p>Today is World Cancer Day and, for this reason, we want to talk to you about one of the most frequent types of cancer in the maxillofacial region: oral cancer or mouth cancer.<\/p>\n<blockquote><p><strong>Prevention of oral cancer is the most important step<\/strong><\/p><\/blockquote>\n<p>The best measure to prevent oral cancer is to avoid risk factors, such as tobacco, alcohol, solar radiation, ill-fitting dentures, etc. It is essential that the patient is examined periodically, and before the detection of any injury, consult the <strong>specialist in maxillofacial surgery<\/strong> quickly. They will decide what is the most appropriate course of action: whether a biopsy, imaging tests, etc.<\/p>\n<h3><strong>Are there people with a higher risk of developing oral cancer?<\/strong><\/h3>\n<p>In general, <strong>men over 40 years of age, those most exposed to irritating factors that favor it,<\/strong> such as alcohol or tobacco, and those who have some warning sign or symptom, t<strong>end to have a higher risk of suffering from the disease<\/strong>. However, some patients present tumors in the oral cavity without having any risk factor and, for this reason, early detection of oral cancer becomes more relevant and will be essential for the prognosis of said disease.<\/p>\n<h3><strong>Some warning signs<\/strong><\/h3>\n<p><img loading=\"lazy\" decoding=\"async\" class=\"wp-image-12445 alignleft\" src=\"https:\/\/content.www.institutomaxilofacial.com\/wp-content\/uploads\/2013\/02\/iStock-517795643.jpg\" alt=\"\" width=\"184\" height=\"277\" srcset=\"https:\/\/content.www.institutomaxilofacial.com\/wp-content\/uploads\/2013\/02\/iStock-517795643.jpg 482w, https:\/\/content.www.institutomaxilofacial.com\/wp-content\/uploads\/2013\/02\/iStock-517795643-133x200.jpg 133w, https:\/\/content.www.institutomaxilofacial.com\/wp-content\/uploads\/2013\/02\/iStock-517795643-83x125.jpg 83w\" sizes=\"auto, (max-width: 184px) 100vw, 184px\" \/><\/p>\n<ul>\n<li>Abnormal bleeding somewhere in the mouth and difficulty swallowing food, chewing, or speaking<\/li>\n<li>Pain, tingling, or dry mouth for no apparent reason<\/li>\n<li>Wounds that do not heal properly or persistent infections in the mouth<\/li>\n<li>Appearance of white, red or black spots in the oral cavity.<\/li>\n<li>The presence of hardness, lump or swelling in the mouth<\/li>\n<li>Mouth lesions that persist for more than 15 days<\/li>\n<\/ul>\n<p>In most cases, these are minor problems, but <strong>consultation is essential to rule out the presence of malignant lesions.<\/strong> It is equally important to detect lesions and premalignant conditions, since these require management and regular control specific to each case.<\/p>\n<p><em><strong>Related Content:<\/strong><\/em><\/p>\n<p><a href=\"https:\/\/www.institutomaxilofacial.com\/en\/2019\/07\/10\/puede-un-tumor-benigno-derivar-en-cancer-de-parotida\/\" target=\"_blank\" rel=\"noopener\">Can a benign tumor lead to parotid cancer?<\/a><\/p>\n<p><strong>Video:\u00a0 <a href=\"https:\/\/www.institutomaxilofacial.com\/en\/experto\/los-tumores-de-parotida\/\">Parotid tumors<\/a><\/strong><\/p>\n<p>&nbsp;<\/p>","protected":false},"excerpt":{"rendered":"<p>Today is World Cancer Day and, for this reason, we want to talk to you about one of the most frequent types of cancer in the maxillofacial region: oral cancer or mouth cancer.<br \/>\nPrevention of oral cancer is the most important step<br \/>\nThe best measure to prevent &#8230;<\/p>\n","protected":false},"author":5,"featured_media":12444,"comment_status":"closed","ping_status":"closed","sticky":false,"template":"","format":"standard","meta":{"footnotes":""},"categories":[83],"tags":[250,251,55,112,252,253],"class_list":["post-1424","post","type-post","status-publish","format-standard","has-post-thumbnail","hentry","category-cirugia-oral-y-maxilofacial","tag-cancer-bucal","tag-cancer-oral","tag-cirugia-maxilofacial","tag-dr-hernandez-alfaro","tag-oncologia","tag-tabaquismo"],"yoast_head":"<!-- This site is optimized with the Yoast SEO plugin v27.4 - https:\/\/yoast.com\/product\/yoast-seo-wordpress\/ -->\n<title>How can I prevent oral cancer? - Instituto Maxilofacial<\/title>\n<meta name=\"robots\" content=\"index, follow, max-snippet:-1, max-image-preview:large, max-video-preview:-1\" \/>\n<link rel=\"canonical\" href=\"https:\/\/content.www.institutomaxilofacial.com\/en\/wp-json\/wp\/v2\/posts\/1424\/\" \/>\n<meta property=\"og:locale\" content=\"en_US\" \/>\n<meta property=\"og:type\" content=\"article\" \/>\n<meta property=\"og:title\" content=\"How can I prevent oral cancer? - Instituto Maxilofacial\" \/>\n<meta property=\"og:description\" content=\"Today is World Cancer Day and, for this reason, we want to talk to you about one of the most frequent types of cancer in the maxillofacial region: oral cancer or mouth cancer. Prevention of oral cancer is the most important step The best measure to prevent ...\" \/>\n<meta property=\"og:url\" content=\"https:\/\/content.www.institutomaxilofacial.com\/es\/2013\/02\/04\/como-puedo-prevenir-el-cancer-oral\/\" \/>\n<meta property=\"og:site_name\" content=\"Instituto Maxilofacial\" \/>\n<meta property=\"article:published_time\" content=\"2013-02-04T10:33:16+00:00\" \/>\n<meta property=\"article:modified_time\" content=\"2022-02-04T09:30:49+00:00\" \/>\n<meta property=\"og:image\" content=\"https:\/\/content.www.institutomaxilofacial.com\/wp-content\/uploads\/2013\/02\/iStock-576750628.jpg\" \/>\n\t<meta property=\"og:image:width\" content=\"2334\" \/>\n\t<meta property=\"og:image:height\" content=\"1352\" \/>\n\t<meta property=\"og:image:type\" content=\"image\/jpeg\" \/>\n<meta name=\"author\" content=\"Dr. Federico Hern\u00e1ndez Alfaro\" \/>\n<meta name=\"twitter:card\" content=\"summary_large_image\" \/>\n<meta name=\"twitter:label1\" content=\"Written by\" \/>\n\t<meta name=\"twitter:data1\" content=\"Dr. Federico Hern\u00e1ndez Alfaro\" \/>\n\t<meta name=\"twitter:label2\" content=\"Est. reading time\" \/>\n\t<meta name=\"twitter:data2\" content=\"2 minutes\" \/>\n<script type=\"application\/ld+json\" class=\"yoast-schema-graph\">{\"@context\":\"https:\\\/\\\/schema.org\",\"@graph\":[{\"@type\":\"Article\",\"@id\":\"https:\\\/\\\/content.www.institutomaxilofacial.com\\\/es\\\/2013\\\/02\\\/04\\\/como-puedo-prevenir-el-cancer-oral\\\/#article\",\"isPartOf\":{\"@id\":\"https:\\\/\\\/content.www.institutomaxilofacial.com\\\/es\\\/2013\\\/02\\\/04\\\/como-puedo-prevenir-el-cancer-oral\\\/\"},\"author\":{\"name\":\"Dr. Federico Hern\u00e1ndez Alfaro\",\"@id\":\"https:\\\/\\\/content.www.institutomaxilofacial.com\\\/ca\\\/#\\\/schema\\\/person\\\/66410c38b024bedf980dc3a51e51f03a\"},\"headline\":\"How can I prevent oral cancer?\",\"datePublished\":\"2013-02-04T10:33:16+00:00\",\"dateModified\":\"2022-02-04T09:30:49+00:00\",\"mainEntityOfPage\":{\"@id\":\"https:\\\/\\\/content.www.institutomaxilofacial.com\\\/es\\\/2013\\\/02\\\/04\\\/como-puedo-prevenir-el-cancer-oral\\\/\"},\"wordCount\":1108,\"image\":{\"@id\":\"https:\\\/\\\/content.www.institutomaxilofacial.com\\\/es\\\/2013\\\/02\\\/04\\\/como-puedo-prevenir-el-cancer-oral\\\/#primaryimage\"},\"thumbnailUrl\":\"https:\\\/\\\/content.www.institutomaxilofacial.com\\\/wp-content\\\/uploads\\\/2013\\\/02\\\/iStock-576750628.jpg\",\"keywords\":[\"c\u00e1ncer bucal\",\"c\u00e1ncer oral\",\"Cirug\u00eda maxilofacial\",\"Dr. Hern\u00e1ndez Alfaro\",\"oncolog\u00eda\",\"tabaquismo\"],\"articleSection\":[\"Cirug\u00eda Maxilofacial\"],\"inLanguage\":\"en-US\"},{\"@type\":\"WebPage\",\"@id\":\"https:\\\/\\\/content.www.institutomaxilofacial.com\\\/es\\\/2013\\\/02\\\/04\\\/como-puedo-prevenir-el-cancer-oral\\\/\",\"url\":\"https:\\\/\\\/content.www.institutomaxilofacial.com\\\/es\\\/2013\\\/02\\\/04\\\/como-puedo-prevenir-el-cancer-oral\\\/\",\"name\":\"How can I prevent oral cancer? - Instituto Maxilofacial\",\"isPartOf\":{\"@id\":\"https:\\\/\\\/content.www.institutomaxilofacial.com\\\/ca\\\/#website\"},\"primaryImageOfPage\":{\"@id\":\"https:\\\/\\\/content.www.institutomaxilofacial.com\\\/es\\\/2013\\\/02\\\/04\\\/como-puedo-prevenir-el-cancer-oral\\\/#primaryimage\"},\"image\":{\"@id\":\"https:\\\/\\\/content.www.institutomaxilofacial.com\\\/es\\\/2013\\\/02\\\/04\\\/como-puedo-prevenir-el-cancer-oral\\\/#primaryimage\"},\"thumbnailUrl\":\"https:\\\/\\\/content.www.institutomaxilofacial.com\\\/wp-content\\\/uploads\\\/2013\\\/02\\\/iStock-576750628.jpg\",\"datePublished\":\"2013-02-04T10:33:16+00:00\",\"dateModified\":\"2022-02-04T09:30:49+00:00\",\"author\":{\"@id\":\"https:\\\/\\\/content.www.institutomaxilofacial.com\\\/ca\\\/#\\\/schema\\\/person\\\/66410c38b024bedf980dc3a51e51f03a\"},\"breadcrumb\":{\"@id\":\"https:\\\/\\\/content.www.institutomaxilofacial.com\\\/es\\\/2013\\\/02\\\/04\\\/como-puedo-prevenir-el-cancer-oral\\\/#breadcrumb\"},\"inLanguage\":\"en-US\",\"potentialAction\":[{\"@type\":\"ReadAction\",\"target\":[\"https:\\\/\\\/content.www.institutomaxilofacial.com\\\/es\\\/2013\\\/02\\\/04\\\/como-puedo-prevenir-el-cancer-oral\\\/\"]}]},{\"@type\":\"ImageObject\",\"inLanguage\":\"en-US\",\"@id\":\"https:\\\/\\\/content.www.institutomaxilofacial.com\\\/es\\\/2013\\\/02\\\/04\\\/como-puedo-prevenir-el-cancer-oral\\\/#primaryimage\",\"url\":\"https:\\\/\\\/content.www.institutomaxilofacial.com\\\/wp-content\\\/uploads\\\/2013\\\/02\\\/iStock-576750628.jpg\",\"contentUrl\":\"https:\\\/\\\/content.www.institutomaxilofacial.com\\\/wp-content\\\/uploads\\\/2013\\\/02\\\/iStock-576750628.jpg\",\"width\":2334,\"height\":1352,\"caption\":\"Oral cancer medical concept as a mouth with malignant disease cells with 3D illustration elements.\"},{\"@type\":\"BreadcrumbList\",\"@id\":\"https:\\\/\\\/content.www.institutomaxilofacial.com\\\/es\\\/2013\\\/02\\\/04\\\/como-puedo-prevenir-el-cancer-oral\\\/#breadcrumb\",\"itemListElement\":[{\"@type\":\"ListItem\",\"position\":1,\"name\":\"Portada\",\"item\":\"https:\\\/\\\/content.www.institutomaxilofacial.com\\\/es\\\/\"},{\"@type\":\"ListItem\",\"position\":2,\"name\":\"\u00bfC\u00f3mo puedo prevenir el c\u00e1ncer oral?\"}]},{\"@type\":\"WebSite\",\"@id\":\"https:\\\/\\\/content.www.institutomaxilofacial.com\\\/ca\\\/#website\",\"url\":\"https:\\\/\\\/content.www.institutomaxilofacial.com\\\/ca\\\/\",\"name\":\"Instituto Maxilofacial\",\"description\":\"Experts in Orthognathic and Orthofacial Surgery. Precision, experience and passion for innovation\",\"potentialAction\":[{\"@type\":\"SearchAction\",\"target\":{\"@type\":\"EntryPoint\",\"urlTemplate\":\"https:\\\/\\\/content.www.institutomaxilofacial.com\\\/ca\\\/?s={search_term_string}\"},\"query-input\":{\"@type\":\"PropertyValueSpecification\",\"valueRequired\":true,\"valueName\":\"search_term_string\"}}],\"inLanguage\":\"en-US\"},{\"@type\":\"Person\",\"@id\":\"https:\\\/\\\/content.www.institutomaxilofacial.com\\\/ca\\\/#\\\/schema\\\/person\\\/66410c38b024bedf980dc3a51e51f03a\",\"name\":\"Dr. Federico Hern\u00e1ndez Alfaro\",\"image\":{\"@type\":\"ImageObject\",\"inLanguage\":\"en-US\",\"@id\":\"https:\\\/\\\/secure.gravatar.com\\\/avatar\\\/3be72467d3bf708c88d138ec5abe4d71fd3a6c6d090520fbb45daba4fcf1b48a?s=96&d=mm&r=g\",\"url\":\"https:\\\/\\\/secure.gravatar.com\\\/avatar\\\/3be72467d3bf708c88d138ec5abe4d71fd3a6c6d090520fbb45daba4fcf1b48a?s=96&d=mm&r=g\",\"contentUrl\":\"https:\\\/\\\/secure.gravatar.com\\\/avatar\\\/3be72467d3bf708c88d138ec5abe4d71fd3a6c6d090520fbb45daba4fcf1b48a?s=96&d=mm&r=g\",\"caption\":\"Dr. Federico Hern\u00e1ndez Alfaro\"},\"description\":\"Director del Instituto Maxilofacial. Licenciado en Medicina y Odontolog\u00eda. Especialista en Cirug\u00eda Oral y Maxilofacial. Doctor \u201cCum Laude\u201d por la Universidad de Catalu\u00f1a (UIC). Director del Diploma Universitario en Cirug\u00eda Ortogn\u00e1tica de la Universidad Internacional de Catalu\u00f1a (UIC). Profesor Titular y Jefe de Departamento de Cirug\u00eda Oral y Maxilofacial de la Universidad de Catalu\u00f1a (UIC.)\",\"url\":\"https:\\\/\\\/content.www.institutomaxilofacial.com\\\/en\\\/author\\\/fha2\\\/\"}]}<\/script>\n<!-- \/ Yoast SEO plugin. -->","yoast_head_json":{"title":"How can I prevent oral cancer? - Instituto Maxilofacial","robots":{"index":"index","follow":"follow","max-snippet":"max-snippet:-1","max-image-preview":"max-image-preview:large","max-video-preview":"max-video-preview:-1"},"canonical":"https:\/\/content.www.institutomaxilofacial.com\/en\/wp-json\/wp\/v2\/posts\/1424\/","og_locale":"en_US","og_type":"article","og_title":"How can I prevent oral cancer? - Instituto Maxilofacial","og_description":"Today is World Cancer Day and, for this reason, we want to talk to you about one of the most frequent types of cancer in the maxillofacial region: oral cancer or mouth cancer. Prevention of oral cancer is the most important step The best measure to prevent ...","og_url":"https:\/\/content.www.institutomaxilofacial.com\/es\/2013\/02\/04\/como-puedo-prevenir-el-cancer-oral\/","og_site_name":"Instituto Maxilofacial","article_published_time":"2013-02-04T10:33:16+00:00","article_modified_time":"2022-02-04T09:30:49+00:00","og_image":[{"width":2334,"height":1352,"url":"https:\/\/content.www.institutomaxilofacial.com\/wp-content\/uploads\/2013\/02\/iStock-576750628.jpg","type":"image\/jpeg"}],"author":"Dr. Federico Hern\u00e1ndez Alfaro","twitter_card":"summary_large_image","twitter_misc":{"Written by":"Dr. Federico Hern\u00e1ndez Alfaro","Est. reading time":"2 minutes"},"schema":{"@context":"https:\/\/schema.org","@graph":[{"@type":"Article","@id":"https:\/\/content.www.institutomaxilofacial.com\/es\/2013\/02\/04\/como-puedo-prevenir-el-cancer-oral\/#article","isPartOf":{"@id":"https:\/\/content.www.institutomaxilofacial.com\/es\/2013\/02\/04\/como-puedo-prevenir-el-cancer-oral\/"},"author":{"name":"Dr. Federico Hern\u00e1ndez Alfaro","@id":"https:\/\/content.www.institutomaxilofacial.com\/ca\/#\/schema\/person\/66410c38b024bedf980dc3a51e51f03a"},"headline":"How can I prevent oral cancer?","datePublished":"2013-02-04T10:33:16+00:00","dateModified":"2022-02-04T09:30:49+00:00","mainEntityOfPage":{"@id":"https:\/\/content.www.institutomaxilofacial.com\/es\/2013\/02\/04\/como-puedo-prevenir-el-cancer-oral\/"},"wordCount":1108,"image":{"@id":"https:\/\/content.www.institutomaxilofacial.com\/es\/2013\/02\/04\/como-puedo-prevenir-el-cancer-oral\/#primaryimage"},"thumbnailUrl":"https:\/\/content.www.institutomaxilofacial.com\/wp-content\/uploads\/2013\/02\/iStock-576750628.jpg","keywords":["c\u00e1ncer bucal","c\u00e1ncer oral","Cirug\u00eda maxilofacial","Dr. Hern\u00e1ndez Alfaro","oncolog\u00eda","tabaquismo"],"articleSection":["Cirug\u00eda Maxilofacial"],"inLanguage":"en-US"},{"@type":"WebPage","@id":"https:\/\/content.www.institutomaxilofacial.com\/es\/2013\/02\/04\/como-puedo-prevenir-el-cancer-oral\/","url":"https:\/\/content.www.institutomaxilofacial.com\/es\/2013\/02\/04\/como-puedo-prevenir-el-cancer-oral\/","name":"How can I prevent oral cancer? - Instituto Maxilofacial","isPartOf":{"@id":"https:\/\/content.www.institutomaxilofacial.com\/ca\/#website"},"primaryImageOfPage":{"@id":"https:\/\/content.www.institutomaxilofacial.com\/es\/2013\/02\/04\/como-puedo-prevenir-el-cancer-oral\/#primaryimage"},"image":{"@id":"https:\/\/content.www.institutomaxilofacial.com\/es\/2013\/02\/04\/como-puedo-prevenir-el-cancer-oral\/#primaryimage"},"thumbnailUrl":"https:\/\/content.www.institutomaxilofacial.com\/wp-content\/uploads\/2013\/02\/iStock-576750628.jpg","datePublished":"2013-02-04T10:33:16+00:00","dateModified":"2022-02-04T09:30:49+00:00","author":{"@id":"https:\/\/content.www.institutomaxilofacial.com\/ca\/#\/schema\/person\/66410c38b024bedf980dc3a51e51f03a"},"breadcrumb":{"@id":"https:\/\/content.www.institutomaxilofacial.com\/es\/2013\/02\/04\/como-puedo-prevenir-el-cancer-oral\/#breadcrumb"},"inLanguage":"en-US","potentialAction":[{"@type":"ReadAction","target":["https:\/\/content.www.institutomaxilofacial.com\/es\/2013\/02\/04\/como-puedo-prevenir-el-cancer-oral\/"]}]},{"@type":"ImageObject","inLanguage":"en-US","@id":"https:\/\/content.www.institutomaxilofacial.com\/es\/2013\/02\/04\/como-puedo-prevenir-el-cancer-oral\/#primaryimage","url":"https:\/\/content.www.institutomaxilofacial.com\/wp-content\/uploads\/2013\/02\/iStock-576750628.jpg","contentUrl":"https:\/\/content.www.institutomaxilofacial.com\/wp-content\/uploads\/2013\/02\/iStock-576750628.jpg","width":2334,"height":1352,"caption":"Oral cancer medical concept as a mouth with malignant disease cells with 3D illustration elements."},{"@type":"BreadcrumbList","@id":"https:\/\/content.www.institutomaxilofacial.com\/es\/2013\/02\/04\/como-puedo-prevenir-el-cancer-oral\/#breadcrumb","itemListElement":[{"@type":"ListItem","position":1,"name":"Portada","item":"https:\/\/content.www.institutomaxilofacial.com\/es\/"},{"@type":"ListItem","position":2,"name":"\u00bfC\u00f3mo puedo prevenir el c\u00e1ncer oral?"}]},{"@type":"WebSite","@id":"https:\/\/content.www.institutomaxilofacial.com\/ca\/#website","url":"https:\/\/content.www.institutomaxilofacial.com\/ca\/","name":"Instituto Maxilofacial","description":"Experts in Orthognathic and Orthofacial Surgery. Precision, experience and passion for innovation","potentialAction":[{"@type":"SearchAction","target":{"@type":"EntryPoint","urlTemplate":"https:\/\/content.www.institutomaxilofacial.com\/ca\/?s={search_term_string}"},"query-input":{"@type":"PropertyValueSpecification","valueRequired":true,"valueName":"search_term_string"}}],"inLanguage":"en-US"},{"@type":"Person","@id":"https:\/\/content.www.institutomaxilofacial.com\/ca\/#\/schema\/person\/66410c38b024bedf980dc3a51e51f03a","name":"Dr. Federico Hern\u00e1ndez Alfaro","image":{"@type":"ImageObject","inLanguage":"en-US","@id":"https:\/\/secure.gravatar.com\/avatar\/3be72467d3bf708c88d138ec5abe4d71fd3a6c6d090520fbb45daba4fcf1b48a?s=96&d=mm&r=g","url":"https:\/\/secure.gravatar.com\/avatar\/3be72467d3bf708c88d138ec5abe4d71fd3a6c6d090520fbb45daba4fcf1b48a?s=96&d=mm&r=g","contentUrl":"https:\/\/secure.gravatar.com\/avatar\/3be72467d3bf708c88d138ec5abe4d71fd3a6c6d090520fbb45daba4fcf1b48a?s=96&d=mm&r=g","caption":"Dr. Federico Hern\u00e1ndez Alfaro"},"description":"Director del Instituto Maxilofacial. Licenciado en Medicina y Odontolog\u00eda. Especialista en Cirug\u00eda Oral y Maxilofacial. Doctor \u201cCum Laude\u201d por la Universidad de Catalu\u00f1a (UIC). Director del Diploma Universitario en Cirug\u00eda Ortogn\u00e1tica de la Universidad Internacional de Catalu\u00f1a (UIC). Profesor Titular y Jefe de Departamento de Cirug\u00eda Oral y Maxilofacial de la Universidad de Catalu\u00f1a (UIC.)","url":"https:\/\/content.www.institutomaxilofacial.com\/en\/author\/fha2\/"}]}},"meta_box":{"post-excerpt":""},"_links":{"self":[{"href":"https:\/\/content.www.institutomaxilofacial.com\/en\/wp-json\/wp\/v2\/posts\/1424","targetHints":{"allow":["GET"]}}],"collection":[{"href":"https:\/\/content.www.institutomaxilofacial.com\/en\/wp-json\/wp\/v2\/posts"}],"about":[{"href":"https:\/\/content.www.institutomaxilofacial.com\/en\/wp-json\/wp\/v2\/types\/post"}],"author":[{"embeddable":true,"href":"https:\/\/content.www.institutomaxilofacial.com\/en\/wp-json\/wp\/v2\/users\/5"}],"replies":[{"embeddable":true,"href":"https:\/\/content.www.institutomaxilofacial.com\/en\/wp-json\/wp\/v2\/comments?post=1424"}],"version-history":[{"count":9,"href":"https:\/\/content.www.institutomaxilofacial.com\/en\/wp-json\/wp\/v2\/posts\/1424\/revisions"}],"predecessor-version":[{"id":12452,"href":"https:\/\/content.www.institutomaxilofacial.com\/en\/wp-json\/wp\/v2\/posts\/1424\/revisions\/12452"}],"wp:featuredmedia":[{"embeddable":true,"href":"https:\/\/content.www.institutomaxilofacial.com\/en\/wp-json\/wp\/v2\/media\/12444"}],"wp:attachment":[{"href":"https:\/\/content.www.institutomaxilofacial.com\/en\/wp-json\/wp\/v2\/media?parent=1424"}],"wp:term":[{"taxonomy":"category","embeddable":true,"href":"https:\/\/content.www.institutomaxilofacial.com\/en\/wp-json\/wp\/v2\/categories?post=1424"},{"taxonomy":"post_tag","embeddable":true,"href":"https:\/\/content.www.institutomaxilofacial.com\/en\/wp-json\/wp\/v2\/tags?post=1424"}],"curies":[{"name":"wp","href":"https:\/\/api.w.org\/{rel}","templated":true}]}}