{"id":12457,"date":"2022-02-10T12:21:53","date_gmt":"2022-02-10T10:21:53","guid":{"rendered":"https:\/\/content.www.institutomaxilofacial.com\/es\/?p=12457"},"modified":"2022-02-10T12:27:08","modified_gmt":"2022-02-10T10:27:08","slug":"el-prof-hernandez-alfaro-reconocido-como-uno-de-los-investigadores-mas-influyentes-del-mundo","status":"publish","type":"post","link":"https:\/\/content.www.institutomaxilofacial.com\/es\/2022\/02\/10\/el-prof-hernandez-alfaro-reconocido-como-uno-de-los-investigadores-mas-influyentes-del-mundo\/","title":{"rendered":"El Prof. Hernandez-Alfaro, reconocido como uno de los investigadores m\u00e1s influyentes del mundo"},"content":{"rendered":"<div class=\"kk-star-ratings kksr-auto kksr-align-right kksr-valign-top\"\n    data-payload='{&quot;align&quot;:&quot;right&quot;,&quot;id&quot;:&quot;12457&quot;,&quot;slug&quot;:&quot;default&quot;,&quot;valign&quot;:&quot;top&quot;,&quot;ignore&quot;:&quot;&quot;,&quot;reference&quot;:&quot;auto&quot;,&quot;class&quot;:&quot;&quot;,&quot;count&quot;:&quot;2&quot;,&quot;legendonly&quot;:&quot;&quot;,&quot;readonly&quot;:&quot;&quot;,&quot;score&quot;:&quot;5&quot;,&quot;starsonly&quot;:&quot;&quot;,&quot;best&quot;:&quot;5&quot;,&quot;gap&quot;:&quot;5&quot;,&quot;greet&quot;:&quot;Rate this post&quot;,&quot;legend&quot;:&quot;5\\\/5 - (2 votos)&quot;,&quot;size&quot;:&quot;30&quot;,&quot;title&quot;:&quot;El Prof. Hernandez-Alfaro, reconocido como uno de los investigadores m\u00e1s influyentes del mundo&quot;,&quot;width&quot;:&quot;172.5&quot;,&quot;_legend&quot;:&quot;{score}\\\/{best} - ({count} {votes})&quot;,&quot;font_factor&quot;:&quot;1.25&quot;}'>\n            \n<div class=\"kksr-stars\">\n    \n<div class=\"kksr-stars-inactive\">\n            <div class=\"kksr-star\" data-star=\"1\" style=\"padding-right: 5px\">\n            \n\n<div class=\"kksr-icon\" style=\"width: 30px; height: 30px;\"><\/div>\n        <\/div>\n            <div class=\"kksr-star\" data-star=\"2\" style=\"padding-right: 5px\">\n            \n\n<div class=\"kksr-icon\" style=\"width: 30px; height: 30px;\"><\/div>\n        <\/div>\n            <div class=\"kksr-star\" data-star=\"3\" style=\"padding-right: 5px\">\n            \n\n<div class=\"kksr-icon\" style=\"width: 30px; height: 30px;\"><\/div>\n        <\/div>\n            <div class=\"kksr-star\" data-star=\"4\" style=\"padding-right: 5px\">\n            \n\n<div class=\"kksr-icon\" style=\"width: 30px; height: 30px;\"><\/div>\n        <\/div>\n            <div class=\"kksr-star\" data-star=\"5\" style=\"padding-right: 5px\">\n            \n\n<div class=\"kksr-icon\" style=\"width: 30px; height: 30px;\"><\/div>\n        <\/div>\n    <\/div>\n    \n<div class=\"kksr-stars-active\" style=\"width: 172.5px;\">\n            <div class=\"kksr-star\" style=\"padding-right: 5px\">\n            \n\n<div class=\"kksr-icon\" style=\"width: 30px; height: 30px;\"><\/div>\n        <\/div>\n            <div class=\"kksr-star\" style=\"padding-right: 5px\">\n            \n\n<div class=\"kksr-icon\" style=\"width: 30px; height: 30px;\"><\/div>\n        <\/div>\n            <div class=\"kksr-star\" style=\"padding-right: 5px\">\n            \n\n<div class=\"kksr-icon\" style=\"width: 30px; height: 30px;\"><\/div>\n        <\/div>\n            <div class=\"kksr-star\" style=\"padding-right: 5px\">\n            \n\n<div class=\"kksr-icon\" style=\"width: 30px; height: 30px;\"><\/div>\n        <\/div>\n            <div class=\"kksr-star\" style=\"padding-right: 5px\">\n            \n\n<div class=\"kksr-icon\" style=\"width: 30px; height: 30px;\"><\/div>\n        <\/div>\n    <\/div>\n<\/div>\n                \n\n<div class=\"kksr-legend\" style=\"font-size: 24px;\">\n            5\/5 - (2 votos)    <\/div>\n    <\/div>\n<p>El <a href=\"https:\/\/www.institutomaxilofacial.com\/es\/acerca-del-instituto\/equipo\/\" target=\"_blank\" rel=\"noopener\"><strong>Dr. Federico Hern\u00e1ndez-Alfaro<\/strong><\/a>, Director del Instituto Maxilofacial y Profesor Catedr\u00e1tico en la Universidad Internacional de Catalu\u00f1a, ha sido reconocido en la \u00faltima edici\u00f3n del <strong>&#8216;Ranking of the World Scientists: World&#8217;s Top 2% Scientists&#8217;<\/strong>, uno de los rankings internacionales m\u00e1s prestigiosos del mundo, como uno de los investigadores m\u00e1s influyentes en el \u00faltimo a\u00f1o, atendiendo al impacto cient\u00edfico de sus trabajos publicados en 2020 en el \u00e1rea de Odontolog\u00eda.<\/p>\n<blockquote><p>El Prof. Hernandez-Alfaro, en el 2% de los mejores cient\u00edficos investigadores del mundo<\/p><\/blockquote>\n<p>Esta clasificaci\u00f3n, <strong>elaborada por la Universidad de Stanford<\/strong> (Estados Unidos) y publicada por la empresa de an\u00e1lisis de la informaci\u00f3n<a href=\"https:\/\/elsevier.digitalcommonsdata.com\/datasets\/btchxktzyw\/3\" target=\"_blank\" rel=\"noopener\"> Elsevier<\/a>, se basa en varios par\u00e1metros que incluyen el n\u00famero de publicaciones indexadas, citas recibidas, \u00edndice h, coautor\u00eda y un indicador compuesto (score). Como resultado, se ha creado una base de datos de m\u00e1s de 160.000 investigadores de los m\u00e1s de 8 millones de cient\u00edficos considerados activos en todo el mundo, con 22 campos cient\u00edficos y 176 subcampos considerados.<\/p>\n<p>As\u00ed, comprobamos que<a href=\"https:\/\/www.institutomaxilofacial.com\/es\/centro-de-innovacion\/publicaciones-cientificas\/\" target=\"_blank\" rel=\"noopener\"><strong> la intensa actividad investigadora y cient\u00edfica del Prof. Hernandez Alfaro<\/strong><\/a> y su equipo de investigaci\u00f3n en diversas ramas de la cirug\u00eda maxilofacial, ha tenido como resultado esta consideraci\u00f3n, a la que solo un 2% de los cient\u00edficos activos del mundo pueden aspirar. En <strong>Instituto Maxilofacial<\/strong> estamos orgullosos de nuestro equipo m\u00e9dico, que est\u00e1 fuertemente ligado al mundo acad\u00e9mico, lo que nos permite estar a la vanguardia en innovaci\u00f3n y ofrecer a nuestros pacientes una combinaci\u00f3n \u00fanica de experiencia e innovaci\u00f3n que nos coloca como un centro de referencia a nivel mundial.<\/p>\n<p>&nbsp;<\/p>\n<h3><em>Contenido relacionado:<\/em><\/h3>\n<h3><a href=\"https:\/\/www.institutomaxilofacial.com\/es\/2019\/11\/20\/prof-hernandez-alfaro-recibe-el-top-doctors-awards-2019\/\">Prof. Hernandez Alfaro, elegido uno de los 8 mejores especialistas de Catalu\u00f1a<\/a><\/h3>\n<h3 class=\"post-title\"><a href=\"https:\/\/www.institutomaxilofacial.com\/es\/2018\/09\/25\/prof-hernandez-alfaro-lider-de-opinion-internacional\/\">Prof. Hernandez Alfaro, l\u00edder de opini\u00f3n internacional<\/a><\/h3>\n<p><\/p>","protected":false},"excerpt":{"rendered":"<p>El Dr. Federico Hern\u00e1ndez-Alfaro, Director del Instituto Maxilofacial y Profesor Catedr\u00e1tico en la Universidad Internacional de Catalu\u00f1a, ha sido reconocido en la \u00faltima edici\u00f3n del &#8216;Ranking of the World Scientists: World&#8217;s Top 2% Scientists&#8217;, uno de los rankings internacionales m\u00e1s prestigiosos del mundo, como uno &#8230;<\/p>\n","protected":false},"author":6,"featured_media":12460,"comment_status":"closed","ping_status":"closed","sticky":false,"template":"","format":"standard","meta":{"footnotes":""},"categories":[675,678,52],"tags":[822,823,821],"class_list":["post-12457","post","type-post","status-publish","format-standard","has-post-thumbnail","hentry","category-innovacion","category-internacional","category-noticias","tag-distinciones","tag-investigacion","tag-prof-hernandez-alfaro"],"yoast_head":"<!-- This site is optimized with the Yoast SEO plugin v27.2 - https:\/\/yoast.com\/product\/yoast-seo-wordpress\/ -->\n<title>El Prof. Hernandez-Alfaro, reconocido como uno de los investigadores m\u00e1s influyentes del mundo - Instituto Maxilofacial<\/title>\n<meta name=\"robots\" content=\"index, follow, max-snippet:-1, max-image-preview:large, max-video-preview:-1\" \/>\n<link rel=\"canonical\" href=\"https:\/\/content.www.institutomaxilofacial.com\/es\/wp-json\/wp\/v2\/posts\/12457\/\" \/>\n<meta property=\"og:locale\" content=\"es_ES\" \/>\n<meta property=\"og:type\" content=\"article\" \/>\n<meta property=\"og:title\" content=\"El Prof. Hernandez-Alfaro, reconocido como uno de los investigadores m\u00e1s influyentes del mundo - Instituto Maxilofacial\" \/>\n<meta property=\"og:description\" content=\"El Dr. Federico Hern\u00e1ndez-Alfaro, Director del Instituto Maxilofacial y Profesor Catedr\u00e1tico en la Universidad Internacional de Catalu\u00f1a, ha sido reconocido en la \u00faltima edici\u00f3n del &#8216;Ranking of the World Scientists: World&#8217;s Top 2% Scientists&#8217;, uno de los rankings internacionales m\u00e1s prestigiosos del mundo, como uno ...\" \/>\n<meta property=\"og:url\" content=\"https:\/\/content.www.institutomaxilofacial.com\/es\/2022\/02\/10\/el-prof-hernandez-alfaro-reconocido-como-uno-de-los-investigadores-mas-influyentes-del-mundo\/\" \/>\n<meta property=\"og:site_name\" content=\"Instituto Maxilofacial\" \/>\n<meta property=\"article:published_time\" content=\"2022-02-10T10:21:53+00:00\" \/>\n<meta property=\"article:modified_time\" content=\"2022-02-10T10:27:08+00:00\" \/>\n<meta property=\"og:image\" content=\"https:\/\/content.www.institutomaxilofacial.com\/wp-content\/uploads\/2022\/02\/Instagram-Landscape-1.png\" \/>\n\t<meta property=\"og:image:width\" content=\"920\" \/>\n\t<meta property=\"og:image:height\" content=\"467\" \/>\n\t<meta property=\"og:image:type\" content=\"image\/png\" \/>\n<meta name=\"author\" content=\"Instituto Maxilofacial\" \/>\n<meta name=\"twitter:card\" content=\"summary_large_image\" \/>\n<meta name=\"twitter:label1\" content=\"Escrito por\" \/>\n\t<meta name=\"twitter:data1\" content=\"Instituto Maxilofacial\" \/>\n\t<meta name=\"twitter:label2\" content=\"Tiempo de lectura\" \/>\n\t<meta name=\"twitter:data2\" content=\"3 minutos\" \/>\n<script type=\"application\/ld+json\" class=\"yoast-schema-graph\">{\"@context\":\"https:\/\/schema.org\",\"@graph\":[{\"@type\":\"Article\",\"@id\":\"https:\/\/content.www.institutomaxilofacial.com\/es\/2022\/02\/10\/el-prof-hernandez-alfaro-reconocido-como-uno-de-los-investigadores-mas-influyentes-del-mundo\/#article\",\"isPartOf\":{\"@id\":\"https:\/\/content.www.institutomaxilofacial.com\/es\/2022\/02\/10\/el-prof-hernandez-alfaro-reconocido-como-uno-de-los-investigadores-mas-influyentes-del-mundo\/\"},\"author\":{\"name\":\"Instituto Maxilofacial\",\"@id\":\"https:\/\/content.www.institutomaxilofacial.com\/ca\/#\/schema\/person\/e2337174d7361f36490eda6be8bcce62\"},\"headline\":\"El Prof. Hernandez-Alfaro, reconocido como uno de los investigadores m\u00e1s influyentes del mundo\",\"datePublished\":\"2022-02-10T10:21:53+00:00\",\"dateModified\":\"2022-02-10T10:27:08+00:00\",\"mainEntityOfPage\":{\"@id\":\"https:\/\/content.www.institutomaxilofacial.com\/es\/2022\/02\/10\/el-prof-hernandez-alfaro-reconocido-como-uno-de-los-investigadores-mas-influyentes-del-mundo\/\"},\"wordCount\":589,\"image\":{\"@id\":\"https:\/\/content.www.institutomaxilofacial.com\/es\/2022\/02\/10\/el-prof-hernandez-alfaro-reconocido-como-uno-de-los-investigadores-mas-influyentes-del-mundo\/#primaryimage\"},\"thumbnailUrl\":\"https:\/\/content.www.institutomaxilofacial.com\/wp-content\/uploads\/2022\/02\/Instagram-Landscape-1.png\",\"keywords\":[\"distinciones\",\"investigaci\u00f3n\",\"Prof. Hernandez Alfaro\"],\"articleSection\":[\"Innovaci\u00f3n\",\"Internacional\",\"Noticias\"],\"inLanguage\":\"es\"},{\"@type\":\"WebPage\",\"@id\":\"https:\/\/content.www.institutomaxilofacial.com\/es\/2022\/02\/10\/el-prof-hernandez-alfaro-reconocido-como-uno-de-los-investigadores-mas-influyentes-del-mundo\/\",\"url\":\"https:\/\/content.www.institutomaxilofacial.com\/es\/2022\/02\/10\/el-prof-hernandez-alfaro-reconocido-como-uno-de-los-investigadores-mas-influyentes-del-mundo\/\",\"name\":\"El Prof. Hernandez-Alfaro, reconocido como uno de los investigadores m\u00e1s influyentes del mundo - Instituto Maxilofacial\",\"isPartOf\":{\"@id\":\"https:\/\/content.www.institutomaxilofacial.com\/ca\/#website\"},\"primaryImageOfPage\":{\"@id\":\"https:\/\/content.www.institutomaxilofacial.com\/es\/2022\/02\/10\/el-prof-hernandez-alfaro-reconocido-como-uno-de-los-investigadores-mas-influyentes-del-mundo\/#primaryimage\"},\"image\":{\"@id\":\"https:\/\/content.www.institutomaxilofacial.com\/es\/2022\/02\/10\/el-prof-hernandez-alfaro-reconocido-como-uno-de-los-investigadores-mas-influyentes-del-mundo\/#primaryimage\"},\"thumbnailUrl\":\"https:\/\/content.www.institutomaxilofacial.com\/wp-content\/uploads\/2022\/02\/Instagram-Landscape-1.png\",\"datePublished\":\"2022-02-10T10:21:53+00:00\",\"dateModified\":\"2022-02-10T10:27:08+00:00\",\"author\":{\"@id\":\"https:\/\/content.www.institutomaxilofacial.com\/ca\/#\/schema\/person\/e2337174d7361f36490eda6be8bcce62\"},\"breadcrumb\":{\"@id\":\"https:\/\/content.www.institutomaxilofacial.com\/es\/2022\/02\/10\/el-prof-hernandez-alfaro-reconocido-como-uno-de-los-investigadores-mas-influyentes-del-mundo\/#breadcrumb\"},\"inLanguage\":\"es\",\"potentialAction\":[{\"@type\":\"ReadAction\",\"target\":[\"https:\/\/content.www.institutomaxilofacial.com\/es\/2022\/02\/10\/el-prof-hernandez-alfaro-reconocido-como-uno-de-los-investigadores-mas-influyentes-del-mundo\/\"]}]},{\"@type\":\"ImageObject\",\"inLanguage\":\"es\",\"@id\":\"https:\/\/content.www.institutomaxilofacial.com\/es\/2022\/02\/10\/el-prof-hernandez-alfaro-reconocido-como-uno-de-los-investigadores-mas-influyentes-del-mundo\/#primaryimage\",\"url\":\"https:\/\/content.www.institutomaxilofacial.com\/wp-content\/uploads\/2022\/02\/Instagram-Landscape-1.png\",\"contentUrl\":\"https:\/\/content.www.institutomaxilofacial.com\/wp-content\/uploads\/2022\/02\/Instagram-Landscape-1.png\",\"width\":920,\"height\":467},{\"@type\":\"BreadcrumbList\",\"@id\":\"https:\/\/content.www.institutomaxilofacial.com\/es\/2022\/02\/10\/el-prof-hernandez-alfaro-reconocido-como-uno-de-los-investigadores-mas-influyentes-del-mundo\/#breadcrumb\",\"itemListElement\":[{\"@type\":\"ListItem\",\"position\":1,\"name\":\"Portada\",\"item\":\"https:\/\/content.www.institutomaxilofacial.com\/es\/\"},{\"@type\":\"ListItem\",\"position\":2,\"name\":\"El Prof. Hernandez-Alfaro, reconocido como uno de los investigadores m\u00e1s influyentes del mundo\"}]},{\"@type\":\"WebSite\",\"@id\":\"https:\/\/content.www.institutomaxilofacial.com\/ca\/#website\",\"url\":\"https:\/\/content.www.institutomaxilofacial.com\/ca\/\",\"name\":\"Instituto Maxilofacial\",\"description\":\"Expertos en Cirug\u00eda Ortogn\u00e1tica y Ortofacial.  Precisi\u00f3n, experiencia y pasi\u00f3n por la innovaci\u00f3n\",\"potentialAction\":[{\"@type\":\"SearchAction\",\"target\":{\"@type\":\"EntryPoint\",\"urlTemplate\":\"https:\/\/content.www.institutomaxilofacial.com\/ca\/?s={search_term_string}\"},\"query-input\":{\"@type\":\"PropertyValueSpecification\",\"valueRequired\":true,\"valueName\":\"search_term_string\"}}],\"inLanguage\":\"es\"},{\"@type\":\"Person\",\"@id\":\"https:\/\/content.www.institutomaxilofacial.com\/ca\/#\/schema\/person\/e2337174d7361f36490eda6be8bcce62\",\"name\":\"Instituto Maxilofacial\",\"image\":{\"@type\":\"ImageObject\",\"inLanguage\":\"es\",\"@id\":\"https:\/\/secure.gravatar.com\/avatar\/a93fb58195b0f9073068e913f44ad5ef6a4c6112c7c5cfa4472664485276a4cd?s=96&d=mm&r=g\",\"url\":\"https:\/\/secure.gravatar.com\/avatar\/a93fb58195b0f9073068e913f44ad5ef6a4c6112c7c5cfa4472664485276a4cd?s=96&d=mm&r=g\",\"contentUrl\":\"https:\/\/secure.gravatar.com\/avatar\/a93fb58195b0f9073068e913f44ad5ef6a4c6112c7c5cfa4472664485276a4cd?s=96&d=mm&r=g\",\"caption\":\"Instituto Maxilofacial\"},\"description\":\"El Instituto Maxilofacial es uno de los centros m\u00e1s innovadores a nivel internacional en cirug\u00eda oral y maxilofacial. Sus especialistas, todos ellos profesores universitarios, han desarrollado numerosas t\u00e9cnicas y protocolos quir\u00fargicos, y ponen al servicio del paciente los tratamientos m\u00e1s vanguardistas con la tecnolog\u00eda m\u00e1s moderna.\",\"url\":\"https:\/\/content.www.institutomaxilofacial.com\/es\/author\/imaxilofacial\/\"}]}<\/script>\n<!-- \/ Yoast SEO plugin. -->","yoast_head_json":{"title":"El Prof. Hernandez-Alfaro, reconocido como uno de los investigadores m\u00e1s influyentes del mundo - Instituto Maxilofacial","robots":{"index":"index","follow":"follow","max-snippet":"max-snippet:-1","max-image-preview":"max-image-preview:large","max-video-preview":"max-video-preview:-1"},"canonical":"https:\/\/content.www.institutomaxilofacial.com\/es\/wp-json\/wp\/v2\/posts\/12457\/","og_locale":"es_ES","og_type":"article","og_title":"El Prof. Hernandez-Alfaro, reconocido como uno de los investigadores m\u00e1s influyentes del mundo - Instituto Maxilofacial","og_description":"El Dr. Federico Hern\u00e1ndez-Alfaro, Director del Instituto Maxilofacial y Profesor Catedr\u00e1tico en la Universidad Internacional de Catalu\u00f1a, ha sido reconocido en la \u00faltima edici\u00f3n del &#8216;Ranking of the World Scientists: World&#8217;s Top 2% Scientists&#8217;, uno de los rankings internacionales m\u00e1s prestigiosos del mundo, como uno ...","og_url":"https:\/\/content.www.institutomaxilofacial.com\/es\/2022\/02\/10\/el-prof-hernandez-alfaro-reconocido-como-uno-de-los-investigadores-mas-influyentes-del-mundo\/","og_site_name":"Instituto Maxilofacial","article_published_time":"2022-02-10T10:21:53+00:00","article_modified_time":"2022-02-10T10:27:08+00:00","og_image":[{"width":920,"height":467,"url":"https:\/\/content.www.institutomaxilofacial.com\/wp-content\/uploads\/2022\/02\/Instagram-Landscape-1.png","type":"image\/png"}],"author":"Instituto Maxilofacial","twitter_card":"summary_large_image","twitter_misc":{"Escrito por":"Instituto Maxilofacial","Tiempo de lectura":"3 minutos"},"schema":{"@context":"https:\/\/schema.org","@graph":[{"@type":"Article","@id":"https:\/\/content.www.institutomaxilofacial.com\/es\/2022\/02\/10\/el-prof-hernandez-alfaro-reconocido-como-uno-de-los-investigadores-mas-influyentes-del-mundo\/#article","isPartOf":{"@id":"https:\/\/content.www.institutomaxilofacial.com\/es\/2022\/02\/10\/el-prof-hernandez-alfaro-reconocido-como-uno-de-los-investigadores-mas-influyentes-del-mundo\/"},"author":{"name":"Instituto Maxilofacial","@id":"https:\/\/content.www.institutomaxilofacial.com\/ca\/#\/schema\/person\/e2337174d7361f36490eda6be8bcce62"},"headline":"El Prof. Hernandez-Alfaro, reconocido como uno de los investigadores m\u00e1s influyentes del mundo","datePublished":"2022-02-10T10:21:53+00:00","dateModified":"2022-02-10T10:27:08+00:00","mainEntityOfPage":{"@id":"https:\/\/content.www.institutomaxilofacial.com\/es\/2022\/02\/10\/el-prof-hernandez-alfaro-reconocido-como-uno-de-los-investigadores-mas-influyentes-del-mundo\/"},"wordCount":589,"image":{"@id":"https:\/\/content.www.institutomaxilofacial.com\/es\/2022\/02\/10\/el-prof-hernandez-alfaro-reconocido-como-uno-de-los-investigadores-mas-influyentes-del-mundo\/#primaryimage"},"thumbnailUrl":"https:\/\/content.www.institutomaxilofacial.com\/wp-content\/uploads\/2022\/02\/Instagram-Landscape-1.png","keywords":["distinciones","investigaci\u00f3n","Prof. Hernandez Alfaro"],"articleSection":["Innovaci\u00f3n","Internacional","Noticias"],"inLanguage":"es"},{"@type":"WebPage","@id":"https:\/\/content.www.institutomaxilofacial.com\/es\/2022\/02\/10\/el-prof-hernandez-alfaro-reconocido-como-uno-de-los-investigadores-mas-influyentes-del-mundo\/","url":"https:\/\/content.www.institutomaxilofacial.com\/es\/2022\/02\/10\/el-prof-hernandez-alfaro-reconocido-como-uno-de-los-investigadores-mas-influyentes-del-mundo\/","name":"El Prof. Hernandez-Alfaro, reconocido como uno de los investigadores m\u00e1s influyentes del mundo - Instituto Maxilofacial","isPartOf":{"@id":"https:\/\/content.www.institutomaxilofacial.com\/ca\/#website"},"primaryImageOfPage":{"@id":"https:\/\/content.www.institutomaxilofacial.com\/es\/2022\/02\/10\/el-prof-hernandez-alfaro-reconocido-como-uno-de-los-investigadores-mas-influyentes-del-mundo\/#primaryimage"},"image":{"@id":"https:\/\/content.www.institutomaxilofacial.com\/es\/2022\/02\/10\/el-prof-hernandez-alfaro-reconocido-como-uno-de-los-investigadores-mas-influyentes-del-mundo\/#primaryimage"},"thumbnailUrl":"https:\/\/content.www.institutomaxilofacial.com\/wp-content\/uploads\/2022\/02\/Instagram-Landscape-1.png","datePublished":"2022-02-10T10:21:53+00:00","dateModified":"2022-02-10T10:27:08+00:00","author":{"@id":"https:\/\/content.www.institutomaxilofacial.com\/ca\/#\/schema\/person\/e2337174d7361f36490eda6be8bcce62"},"breadcrumb":{"@id":"https:\/\/content.www.institutomaxilofacial.com\/es\/2022\/02\/10\/el-prof-hernandez-alfaro-reconocido-como-uno-de-los-investigadores-mas-influyentes-del-mundo\/#breadcrumb"},"inLanguage":"es","potentialAction":[{"@type":"ReadAction","target":["https:\/\/content.www.institutomaxilofacial.com\/es\/2022\/02\/10\/el-prof-hernandez-alfaro-reconocido-como-uno-de-los-investigadores-mas-influyentes-del-mundo\/"]}]},{"@type":"ImageObject","inLanguage":"es","@id":"https:\/\/content.www.institutomaxilofacial.com\/es\/2022\/02\/10\/el-prof-hernandez-alfaro-reconocido-como-uno-de-los-investigadores-mas-influyentes-del-mundo\/#primaryimage","url":"https:\/\/content.www.institutomaxilofacial.com\/wp-content\/uploads\/2022\/02\/Instagram-Landscape-1.png","contentUrl":"https:\/\/content.www.institutomaxilofacial.com\/wp-content\/uploads\/2022\/02\/Instagram-Landscape-1.png","width":920,"height":467},{"@type":"BreadcrumbList","@id":"https:\/\/content.www.institutomaxilofacial.com\/es\/2022\/02\/10\/el-prof-hernandez-alfaro-reconocido-como-uno-de-los-investigadores-mas-influyentes-del-mundo\/#breadcrumb","itemListElement":[{"@type":"ListItem","position":1,"name":"Portada","item":"https:\/\/content.www.institutomaxilofacial.com\/es\/"},{"@type":"ListItem","position":2,"name":"El Prof. Hernandez-Alfaro, reconocido como uno de los investigadores m\u00e1s influyentes del mundo"}]},{"@type":"WebSite","@id":"https:\/\/content.www.institutomaxilofacial.com\/ca\/#website","url":"https:\/\/content.www.institutomaxilofacial.com\/ca\/","name":"Instituto Maxilofacial","description":"Expertos en Cirug\u00eda Ortogn\u00e1tica y Ortofacial.  Precisi\u00f3n, experiencia y pasi\u00f3n por la innovaci\u00f3n","potentialAction":[{"@type":"SearchAction","target":{"@type":"EntryPoint","urlTemplate":"https:\/\/content.www.institutomaxilofacial.com\/ca\/?s={search_term_string}"},"query-input":{"@type":"PropertyValueSpecification","valueRequired":true,"valueName":"search_term_string"}}],"inLanguage":"es"},{"@type":"Person","@id":"https:\/\/content.www.institutomaxilofacial.com\/ca\/#\/schema\/person\/e2337174d7361f36490eda6be8bcce62","name":"Instituto Maxilofacial","image":{"@type":"ImageObject","inLanguage":"es","@id":"https:\/\/secure.gravatar.com\/avatar\/a93fb58195b0f9073068e913f44ad5ef6a4c6112c7c5cfa4472664485276a4cd?s=96&d=mm&r=g","url":"https:\/\/secure.gravatar.com\/avatar\/a93fb58195b0f9073068e913f44ad5ef6a4c6112c7c5cfa4472664485276a4cd?s=96&d=mm&r=g","contentUrl":"https:\/\/secure.gravatar.com\/avatar\/a93fb58195b0f9073068e913f44ad5ef6a4c6112c7c5cfa4472664485276a4cd?s=96&d=mm&r=g","caption":"Instituto Maxilofacial"},"description":"El Instituto Maxilofacial es uno de los centros m\u00e1s innovadores a nivel internacional en cirug\u00eda oral y maxilofacial. Sus especialistas, todos ellos profesores universitarios, han desarrollado numerosas t\u00e9cnicas y protocolos quir\u00fargicos, y ponen al servicio del paciente los tratamientos m\u00e1s vanguardistas con la tecnolog\u00eda m\u00e1s moderna.","url":"https:\/\/content.www.institutomaxilofacial.com\/es\/author\/imaxilofacial\/"}]}},"meta_box":{"post-excerpt":""},"_links":{"self":[{"href":"https:\/\/content.www.institutomaxilofacial.com\/es\/wp-json\/wp\/v2\/posts\/12457","targetHints":{"allow":["GET"]}}],"collection":[{"href":"https:\/\/content.www.institutomaxilofacial.com\/es\/wp-json\/wp\/v2\/posts"}],"about":[{"href":"https:\/\/content.www.institutomaxilofacial.com\/es\/wp-json\/wp\/v2\/types\/post"}],"author":[{"embeddable":true,"href":"https:\/\/content.www.institutomaxilofacial.com\/es\/wp-json\/wp\/v2\/users\/6"}],"replies":[{"embeddable":true,"href":"https:\/\/content.www.institutomaxilofacial.com\/es\/wp-json\/wp\/v2\/comments?post=12457"}],"version-history":[{"count":5,"href":"https:\/\/content.www.institutomaxilofacial.com\/es\/wp-json\/wp\/v2\/posts\/12457\/revisions"}],"predecessor-version":[{"id":12464,"href":"https:\/\/content.www.institutomaxilofacial.com\/es\/wp-json\/wp\/v2\/posts\/12457\/revisions\/12464"}],"wp:featuredmedia":[{"embeddable":true,"href":"https:\/\/content.www.institutomaxilofacial.com\/es\/wp-json\/wp\/v2\/media\/12460"}],"wp:attachment":[{"href":"https:\/\/content.www.institutomaxilofacial.com\/es\/wp-json\/wp\/v2\/media?parent=12457"}],"wp:term":[{"taxonomy":"category","embeddable":true,"href":"https:\/\/content.www.institutomaxilofacial.com\/es\/wp-json\/wp\/v2\/categories?post=12457"},{"taxonomy":"post_tag","embeddable":true,"href":"https:\/\/content.www.institutomaxilofacial.com\/es\/wp-json\/wp\/v2\/tags?post=12457"}],"curies":[{"name":"wp","href":"https:\/\/api.w.org\/{rel}","templated":true}]}}