{"id":14774,"date":"2024-06-11T18:09:24","date_gmt":"2024-06-11T16:09:24","guid":{"rendered":"https:\/\/content.www.institutomaxilofacial.com\/es\/?p=14774"},"modified":"2024-06-11T18:34:01","modified_gmt":"2024-06-11T16:34:01","slug":"que-es-la-linea-de-barcelona","status":"publish","type":"post","link":"https:\/\/content.www.institutomaxilofacial.com\/es\/2024\/06\/11\/que-es-la-barcelona-line\/","title":{"rendered":"\u00bfQu\u00e9 es la L\u00ednea de Barcelona?"},"content":{"rendered":"<div class=\"kk-star-ratings kksr-auto kksr-align-right kksr-valign-top\"\n    data-payload='{&quot;align&quot;:&quot;right&quot;,&quot;id&quot;:&quot;14774&quot;,&quot;slug&quot;:&quot;default&quot;,&quot;valign&quot;:&quot;top&quot;,&quot;ignore&quot;:&quot;&quot;,&quot;reference&quot;:&quot;auto&quot;,&quot;class&quot;:&quot;&quot;,&quot;count&quot;:&quot;8&quot;,&quot;legendonly&quot;:&quot;&quot;,&quot;readonly&quot;:&quot;&quot;,&quot;score&quot;:&quot;3.2&quot;,&quot;starsonly&quot;:&quot;&quot;,&quot;best&quot;:&quot;5&quot;,&quot;gap&quot;:&quot;5&quot;,&quot;greet&quot;:&quot;Rate this post&quot;,&quot;legend&quot;:&quot;3.2\\\/5 - (8 votos)&quot;,&quot;size&quot;:&quot;30&quot;,&quot;title&quot;:&quot;\u00bfQu\u00e9 es la L\u00ednea de Barcelona?&quot;,&quot;width&quot;:&quot;109.5&quot;,&quot;_legend&quot;:&quot;{score}\\\/{best} - ({count} {votes})&quot;,&quot;font_factor&quot;:&quot;1.25&quot;}'>\n            \n<div class=\"kksr-stars\">\n    \n<div class=\"kksr-stars-inactive\">\n            <div class=\"kksr-star\" data-star=\"1\" style=\"padding-right: 5px\">\n            \n\n<div class=\"kksr-icon\" style=\"width: 30px; height: 30px;\"><\/div>\n        <\/div>\n            <div class=\"kksr-star\" data-star=\"2\" style=\"padding-right: 5px\">\n            \n\n<div class=\"kksr-icon\" style=\"width: 30px; height: 30px;\"><\/div>\n        <\/div>\n            <div class=\"kksr-star\" data-star=\"3\" style=\"padding-right: 5px\">\n            \n\n<div class=\"kksr-icon\" style=\"width: 30px; height: 30px;\"><\/div>\n        <\/div>\n            <div class=\"kksr-star\" data-star=\"4\" style=\"padding-right: 5px\">\n            \n\n<div class=\"kksr-icon\" style=\"width: 30px; height: 30px;\"><\/div>\n        <\/div>\n            <div class=\"kksr-star\" data-star=\"5\" style=\"padding-right: 5px\">\n            \n\n<div class=\"kksr-icon\" style=\"width: 30px; height: 30px;\"><\/div>\n        <\/div>\n    <\/div>\n    \n<div class=\"kksr-stars-active\" style=\"width: 109.5px;\">\n            <div class=\"kksr-star\" style=\"padding-right: 5px\">\n            \n\n<div class=\"kksr-icon\" style=\"width: 30px; height: 30px;\"><\/div>\n        <\/div>\n            <div class=\"kksr-star\" style=\"padding-right: 5px\">\n            \n\n<div class=\"kksr-icon\" style=\"width: 30px; height: 30px;\"><\/div>\n        <\/div>\n            <div class=\"kksr-star\" style=\"padding-right: 5px\">\n            \n\n<div class=\"kksr-icon\" style=\"width: 30px; height: 30px;\"><\/div>\n        <\/div>\n            <div class=\"kksr-star\" style=\"padding-right: 5px\">\n            \n\n<div class=\"kksr-icon\" style=\"width: 30px; height: 30px;\"><\/div>\n        <\/div>\n            <div class=\"kksr-star\" style=\"padding-right: 5px\">\n            \n\n<div class=\"kksr-icon\" style=\"width: 30px; height: 30px;\"><\/div>\n        <\/div>\n    <\/div>\n<\/div>\n                \n\n<div class=\"kksr-legend\" style=\"font-size: 24px;\">\n            3.2\/5 - (8 votos)    <\/div>\n    <\/div>\n<p>\u00bfAlguna vez te has preguntado qu\u00e9 hace que un rostro sea atractivo? El concepto de belleza es subjetivo, pero el <a href=\"https:\/\/www.institutomaxilofacial.com\/es\/dr-federico-hernandez-alfaro\/\" target=\"_blank\" rel=\"noopener\">Profesor Federico Hern\u00e1ndez Alfaro<\/a>\u00a0y su equipo de investigaci\u00f3n han\u00a0 trabajado largamente para comprender qu\u00e9 hace que un rostro sea est\u00e9ticamente agradable.<\/p>\n<blockquote><p>El resultado de todos estos a\u00f1os de investigaci\u00f3n es la <strong>\u00abL\u00ednea de Barcelona\u00bb<\/strong>, un nuevo plano de referencia para determinar el posicionamiento ideal del maxilar y la mand\u00edbula en <a href=\"https:\/\/www.institutomaxilofacial.com\/es\/cirugia-ortognatica\/que-es-la-cirugia-ortognatica\/\" target=\"_blank\" rel=\"noopener\">cirug\u00edas ortogn\u00e1ticas<\/a> y ortofaciales.<\/p><\/blockquote>\n<p>Durante a\u00f1os, la cefalometr\u00eda, el proceso de medici\u00f3n del cr\u00e1neo y las estructuras faciales, se ha utilizado para diagnosticar y planificar la cirug\u00eda ortogn\u00e1tica, un procedimiento que tiene como objetivo corregir las deformidades faciales. Sin embargo, este enfoque tiene sus limitaciones y existe un creciente reconocimiento de que los m\u00e9todos tradicionales pueden no reflejar con precisi\u00f3n nuestra percepci\u00f3n moderna de la belleza.<\/p>\n<p><img loading=\"lazy\" decoding=\"async\" class=\" wp-image-14776 alignleft\" src=\"https:\/\/content.www.institutomaxilofacial.com\/wp-content\/uploads\/2024\/06\/perfil_con-plano-estetico-y-linea-530x811.png\" alt=\"\" width=\"399\" height=\"611\" srcset=\"https:\/\/content.www.institutomaxilofacial.com\/wp-content\/uploads\/2024\/06\/perfil_con-plano-estetico-y-linea-530x811.png 530w, https:\/\/content.www.institutomaxilofacial.com\/wp-content\/uploads\/2024\/06\/perfil_con-plano-estetico-y-linea-1125x1722.png 1125w, https:\/\/content.www.institutomaxilofacial.com\/wp-content\/uploads\/2024\/06\/perfil_con-plano-estetico-y-linea-1004x1536.png 1004w, https:\/\/content.www.institutomaxilofacial.com\/wp-content\/uploads\/2024\/06\/perfil_con-plano-estetico-y-linea-131x200.png 131w, https:\/\/content.www.institutomaxilofacial.com\/wp-content\/uploads\/2024\/06\/perfil_con-plano-estetico-y-linea-82x125.png 82w, https:\/\/content.www.institutomaxilofacial.com\/wp-content\/uploads\/2024\/06\/perfil_con-plano-estetico-y-linea.png 1176w\" sizes=\"auto, (max-width: 399px) 100vw, 399px\" \/>En <a href=\"https:\/\/www.institutomaxilofacial.com\/wp-content\/uploads\/2023\/01\/Barcelona-line.-A-multicentre-validation-study-of-a-facial-projection-reference-in-orthognathic-surgery-2.pdf\" target=\"_blank\" rel=\"noopener\">un estudio publicado en el prestigioso British Journal of Oral and Maxillofacial Surgery<\/a>, la L\u00ednea de Barcelona fue validada como un nuevo plano de referencia para el posicionamiento antero-posterior del complejo maxilo-mandibular en pacientes con deformidad dentofacial. <strong>La L\u00ednea de Barcelona se define como una l\u00ednea tangente que pasa por el nasion (punto de intersecci\u00f3n entre la frente y los huesos nasales), y es perpendicular a la orientaci\u00f3n natural de la cabeza.<\/strong><\/p>\n<p>El estudio encontr\u00f3 que la L\u00ednea de Barcelona <strong>puede establecerse como una herramienta de diagn\u00f3stico y <a href=\"https:\/\/www.institutomaxilofacial.com\/es\/2020\/09\/18\/como-se-planifica-una-cirugia-ortognatica\/\" target=\"_blank\" rel=\"noopener\">planificaci\u00f3n<\/a> sencilla y reproducible<\/strong> para la Cirug\u00eda Ortogn\u00e1tica. Los investigadores analizaron las opiniones de especialistas y trabajadores no sanitarios por igual, y, como dato interesante, encontraron que cuanto m\u00e1s joven es el evaluador, mayor es el acuerdo sobre lo que constituye un rostro bello.<\/p>\n<p><strong>\u00bfQu\u00e9 significa esto para la persona promedio?<\/strong><\/p>\n<p>Sugiere que un rostro protrusivo, caracterizado por un ment\u00f3n prominente y rasgos angulosos, es percibido como m\u00e1s atractivo seg\u00fan los est\u00e1ndares de belleza actuales, permeados por la mezcla racial.<\/p>\n<p>Si usted est\u00e1 considerando una cirug\u00eda ortogn\u00e1tica, la L\u00ednea de Barcelona es un punto de referencia valioso para que su cirujano lo tenga en cuenta, ya que se puede trazar f\u00e1cilmente en una fotograf\u00eda del individuo en una posici\u00f3n relajada, mirando al horizonte y sonriendo, lo que la convierte en una referencia sencilla y accesible para el an\u00e1lisis facial\u201d, explica el profesor Hern\u00e1ndez Alfaro, quien agrega c\u00f3mo l<strong>a L\u00ednea de Barcelona ha sido adoptada por la comunidad m\u00e9dica internacional como una gu\u00eda para la planificaci\u00f3n de cirug\u00edas faciales y ortogn\u00e1ticas<\/strong>.<\/p>\n<p>As\u00ed, la <strong>L\u00ednea de Barcelona<\/strong> representa un paso adelante en nuestra comprensi\u00f3n de la belleza facial y su relaci\u00f3n con la estructura esquel\u00e9tica.<\/p>\n<p>&nbsp;<\/p>\n<p><em><strong>Contenido relacionado:<\/strong><\/em><\/p>\n<p><a href=\"https:\/\/www.institutomaxilofacial.com\/es\/2020\/09\/18\/como-se-planifica-una-cirugia-ortognatica\/\">\u00bfC\u00f3mo se planifica una cirug\u00eda ortogn\u00e1tica?<\/a><\/p>\n<p><a href=\"https:\/\/www.institutomaxilofacial.com\/es\/2023\/10\/13\/prof-hernandez-alfaro-entre-el-2-de-los-mejores-cientificos-del-mundo-por-la-universidad-de-stanford-por-segundo-ano-consecutivo\/\">Prof. Hern\u00e1ndez Alfaro, entre el 2% de los mejores cient\u00edficos del mundo por la Universidad de Stanford por segundo a\u00f1o consecutivo<\/a><\/p>\n<div><\/div>\n<div class=\"page-inner-title\"><a href=\"https:\/\/www.institutomaxilofacial.com\/es\/2021\/02\/26\/cirugia-ortofacial-o-cirugia-ortognatica-cual-es-la-diferencia\/\">Cirug\u00eda ortofacial o cirug\u00eda ortogn\u00e1tica: \u00bfCu\u00e1l es la diferencia?<\/a><\/div>\n<p><\/p>","protected":false},"excerpt":{"rendered":"<p>\u00bfAlguna vez te has preguntado qu\u00e9 hace que un rostro sea atractivo? El concepto de belleza es subjetivo, pero el Profesor Federico Hern\u00e1ndez Alfaro\u00a0y su equipo de investigaci\u00f3n han\u00a0 trabajado largamente para comprender qu\u00e9 hace que un rostro sea est\u00e9ticamente agradable.<br \/>\nEl resultado de todos estos &#8230;<\/p>\n","protected":false},"author":6,"featured_media":14780,"comment_status":"closed","ping_status":"closed","sticky":false,"template":"","format":"standard","meta":{"footnotes":""},"categories":[53,52,1],"tags":[885,49],"class_list":["post-14774","post","type-post","status-publish","format-standard","has-post-thumbnail","hentry","category-cirugia-ortognatica-estetica-facial","category-noticias","category-sin-categoria","tag-barcelona-line","tag-cirugia-ortognatica"],"yoast_head":"<!-- This site is optimized with the Yoast SEO plugin v27.4 - https:\/\/yoast.com\/product\/yoast-seo-wordpress\/ -->\n<title>\u00bfQu\u00e9 es la L\u00ednea de Barcelona? - Instituto Maxilofacial<\/title>\n<meta name=\"description\" content=\"\u00bfQu\u00e9 es la Barcelona Line y c\u00f3mo se relaciona con la belleza? Exploramos esta nueva referencia para cirug\u00edas maxilo-mandibulares.\" \/>\n<meta name=\"robots\" content=\"index, follow, max-snippet:-1, max-image-preview:large, max-video-preview:-1\" \/>\n<link rel=\"canonical\" href=\"https:\/\/content.www.institutomaxilofacial.com\/es\/wp-json\/wp\/v2\/posts\/14774\/\" \/>\n<meta property=\"og:locale\" content=\"es_ES\" \/>\n<meta property=\"og:type\" content=\"article\" \/>\n<meta property=\"og:title\" content=\"\u00bfQu\u00e9 es la L\u00ednea de Barcelona? - Instituto Maxilofacial\" \/>\n<meta property=\"og:description\" content=\"{:es}\u00bfQu\u00e9 es la Barcelona Line y c\u00f3mo se relaciona con la belleza? Exploramos esta nueva referencia para cirug\u00edas maxilo-mandibulares.{:}\" \/>\n<meta property=\"og:url\" content=\"https:\/\/content.www.institutomaxilofacial.com\/es\/2024\/06\/11\/que-es-la-barcelona-line\/\" \/>\n<meta property=\"og:site_name\" content=\"Instituto Maxilofacial\" \/>\n<meta property=\"article:published_time\" content=\"2024-06-11T16:09:24+00:00\" \/>\n<meta property=\"article:modified_time\" content=\"2024-06-11T16:34:01+00:00\" \/>\n<meta property=\"og:image\" content=\"https:\/\/content.www.institutomaxilofacial.com\/wp-content\/uploads\/2024\/06\/A919ar7uf_1hj4fcy_me0-copia-3.jpg\" \/>\n\t<meta property=\"og:image:width\" content=\"1589\" \/>\n\t<meta property=\"og:image:height\" content=\"848\" \/>\n\t<meta property=\"og:image:type\" content=\"image\/jpeg\" \/>\n<meta name=\"author\" content=\"Instituto Maxilofacial\" \/>\n<meta name=\"twitter:card\" content=\"summary_large_image\" \/>\n<meta name=\"twitter:label1\" content=\"Escrito por\" \/>\n\t<meta name=\"twitter:data1\" content=\"Instituto Maxilofacial\" \/>\n\t<meta name=\"twitter:label2\" content=\"Tiempo de lectura\" \/>\n\t<meta name=\"twitter:data2\" content=\"3 minutos\" \/>\n<script type=\"application\/ld+json\" class=\"yoast-schema-graph\">{\"@context\":\"https:\\\/\\\/schema.org\",\"@graph\":[{\"@type\":\"Article\",\"@id\":\"https:\\\/\\\/content.www.institutomaxilofacial.com\\\/es\\\/2024\\\/06\\\/11\\\/que-es-la-barcelona-line\\\/#article\",\"isPartOf\":{\"@id\":\"https:\\\/\\\/content.www.institutomaxilofacial.com\\\/es\\\/2024\\\/06\\\/11\\\/que-es-la-barcelona-line\\\/\"},\"author\":{\"name\":\"Instituto Maxilofacial\",\"@id\":\"https:\\\/\\\/content.www.institutomaxilofacial.com\\\/ca\\\/#\\\/schema\\\/person\\\/e2337174d7361f36490eda6be8bcce62\"},\"headline\":\"\u00bfQu\u00e9 es la L\u00ednea de Barcelona?\",\"datePublished\":\"2024-06-11T16:09:24+00:00\",\"dateModified\":\"2024-06-11T16:34:01+00:00\",\"mainEntityOfPage\":{\"@id\":\"https:\\\/\\\/content.www.institutomaxilofacial.com\\\/es\\\/2024\\\/06\\\/11\\\/que-es-la-barcelona-line\\\/\"},\"wordCount\":940,\"image\":{\"@id\":\"https:\\\/\\\/content.www.institutomaxilofacial.com\\\/es\\\/2024\\\/06\\\/11\\\/que-es-la-barcelona-line\\\/#primaryimage\"},\"thumbnailUrl\":\"https:\\\/\\\/content.www.institutomaxilofacial.com\\\/wp-content\\\/uploads\\\/2024\\\/06\\\/A919ar7uf_1hj4fcy_me0-copia-3.jpg\",\"keywords\":[\"Barcelona Line\",\"Cirug\u00eda ortogn\u00e1tica\"],\"articleSection\":[\"Cirug\u00eda Ortogn\u00e1tica\",\"Noticias\"],\"inLanguage\":\"es\"},{\"@type\":\"WebPage\",\"@id\":\"https:\\\/\\\/content.www.institutomaxilofacial.com\\\/es\\\/2024\\\/06\\\/11\\\/que-es-la-barcelona-line\\\/\",\"url\":\"https:\\\/\\\/content.www.institutomaxilofacial.com\\\/es\\\/2024\\\/06\\\/11\\\/que-es-la-barcelona-line\\\/\",\"name\":\"\u00bfQu\u00e9 es la L\u00ednea de Barcelona? - Instituto Maxilofacial\",\"isPartOf\":{\"@id\":\"https:\\\/\\\/content.www.institutomaxilofacial.com\\\/ca\\\/#website\"},\"primaryImageOfPage\":{\"@id\":\"https:\\\/\\\/content.www.institutomaxilofacial.com\\\/es\\\/2024\\\/06\\\/11\\\/que-es-la-barcelona-line\\\/#primaryimage\"},\"image\":{\"@id\":\"https:\\\/\\\/content.www.institutomaxilofacial.com\\\/es\\\/2024\\\/06\\\/11\\\/que-es-la-barcelona-line\\\/#primaryimage\"},\"thumbnailUrl\":\"https:\\\/\\\/content.www.institutomaxilofacial.com\\\/wp-content\\\/uploads\\\/2024\\\/06\\\/A919ar7uf_1hj4fcy_me0-copia-3.jpg\",\"datePublished\":\"2024-06-11T16:09:24+00:00\",\"dateModified\":\"2024-06-11T16:34:01+00:00\",\"author\":{\"@id\":\"https:\\\/\\\/content.www.institutomaxilofacial.com\\\/ca\\\/#\\\/schema\\\/person\\\/e2337174d7361f36490eda6be8bcce62\"},\"description\":\"{:es}\u00bfQu\u00e9 es la Barcelona Line y c\u00f3mo se relaciona con la belleza? Exploramos esta nueva referencia para cirug\u00edas maxilo-mandibulares.{:}\",\"breadcrumb\":{\"@id\":\"https:\\\/\\\/content.www.institutomaxilofacial.com\\\/es\\\/2024\\\/06\\\/11\\\/que-es-la-barcelona-line\\\/#breadcrumb\"},\"inLanguage\":\"es\",\"potentialAction\":[{\"@type\":\"ReadAction\",\"target\":[\"https:\\\/\\\/content.www.institutomaxilofacial.com\\\/es\\\/2024\\\/06\\\/11\\\/que-es-la-barcelona-line\\\/\"]}]},{\"@type\":\"ImageObject\",\"inLanguage\":\"es\",\"@id\":\"https:\\\/\\\/content.www.institutomaxilofacial.com\\\/es\\\/2024\\\/06\\\/11\\\/que-es-la-barcelona-line\\\/#primaryimage\",\"url\":\"https:\\\/\\\/content.www.institutomaxilofacial.com\\\/wp-content\\\/uploads\\\/2024\\\/06\\\/A919ar7uf_1hj4fcy_me0-copia-3.jpg\",\"contentUrl\":\"https:\\\/\\\/content.www.institutomaxilofacial.com\\\/wp-content\\\/uploads\\\/2024\\\/06\\\/A919ar7uf_1hj4fcy_me0-copia-3.jpg\",\"width\":1589,\"height\":848},{\"@type\":\"BreadcrumbList\",\"@id\":\"https:\\\/\\\/content.www.institutomaxilofacial.com\\\/es\\\/2024\\\/06\\\/11\\\/que-es-la-barcelona-line\\\/#breadcrumb\",\"itemListElement\":[{\"@type\":\"ListItem\",\"position\":1,\"name\":\"Portada\",\"item\":\"https:\\\/\\\/content.www.institutomaxilofacial.com\\\/es\\\/\"},{\"@type\":\"ListItem\",\"position\":2,\"name\":\"\u00bfQu\u00e9 es la L\u00ednea de Barcelona?\"}]},{\"@type\":\"WebSite\",\"@id\":\"https:\\\/\\\/content.www.institutomaxilofacial.com\\\/ca\\\/#website\",\"url\":\"https:\\\/\\\/content.www.institutomaxilofacial.com\\\/ca\\\/\",\"name\":\"Instituto Maxilofacial\",\"description\":\"Expertos en Cirug\u00eda Ortogn\u00e1tica y Ortofacial.  Precisi\u00f3n, experiencia y pasi\u00f3n por la innovaci\u00f3n\",\"potentialAction\":[{\"@type\":\"SearchAction\",\"target\":{\"@type\":\"EntryPoint\",\"urlTemplate\":\"https:\\\/\\\/content.www.institutomaxilofacial.com\\\/ca\\\/?s={search_term_string}\"},\"query-input\":{\"@type\":\"PropertyValueSpecification\",\"valueRequired\":true,\"valueName\":\"search_term_string\"}}],\"inLanguage\":\"es\"},{\"@type\":\"Person\",\"@id\":\"https:\\\/\\\/content.www.institutomaxilofacial.com\\\/ca\\\/#\\\/schema\\\/person\\\/e2337174d7361f36490eda6be8bcce62\",\"name\":\"Instituto Maxilofacial\",\"image\":{\"@type\":\"ImageObject\",\"inLanguage\":\"es\",\"@id\":\"https:\\\/\\\/secure.gravatar.com\\\/avatar\\\/a93fb58195b0f9073068e913f44ad5ef6a4c6112c7c5cfa4472664485276a4cd?s=96&d=mm&r=g\",\"url\":\"https:\\\/\\\/secure.gravatar.com\\\/avatar\\\/a93fb58195b0f9073068e913f44ad5ef6a4c6112c7c5cfa4472664485276a4cd?s=96&d=mm&r=g\",\"contentUrl\":\"https:\\\/\\\/secure.gravatar.com\\\/avatar\\\/a93fb58195b0f9073068e913f44ad5ef6a4c6112c7c5cfa4472664485276a4cd?s=96&d=mm&r=g\",\"caption\":\"Instituto Maxilofacial\"},\"description\":\"El Instituto Maxilofacial es uno de los centros m\u00e1s innovadores a nivel internacional en cirug\u00eda oral y maxilofacial. Sus especialistas, todos ellos profesores universitarios, han desarrollado numerosas t\u00e9cnicas y protocolos quir\u00fargicos, y ponen al servicio del paciente los tratamientos m\u00e1s vanguardistas con la tecnolog\u00eda m\u00e1s moderna.\",\"url\":\"https:\\\/\\\/content.www.institutomaxilofacial.com\\\/es\\\/author\\\/imaxilofacial\\\/\"}]}<\/script>\n<!-- \/ Yoast SEO plugin. -->","yoast_head_json":{"title":"\u00bfQu\u00e9 es la L\u00ednea de Barcelona? - Instituto Maxilofacial","description":"\u00bfQu\u00e9 es la Barcelona Line y c\u00f3mo se relaciona con la belleza? Exploramos esta nueva referencia para cirug\u00edas maxilo-mandibulares.","robots":{"index":"index","follow":"follow","max-snippet":"max-snippet:-1","max-image-preview":"max-image-preview:large","max-video-preview":"max-video-preview:-1"},"canonical":"https:\/\/content.www.institutomaxilofacial.com\/es\/wp-json\/wp\/v2\/posts\/14774\/","og_locale":"es_ES","og_type":"article","og_title":"\u00bfQu\u00e9 es la L\u00ednea de Barcelona? - Instituto Maxilofacial","og_description":"{:es}\u00bfQu\u00e9 es la Barcelona Line y c\u00f3mo se relaciona con la belleza? Exploramos esta nueva referencia para cirug\u00edas maxilo-mandibulares.{:}","og_url":"https:\/\/content.www.institutomaxilofacial.com\/es\/2024\/06\/11\/que-es-la-barcelona-line\/","og_site_name":"Instituto Maxilofacial","article_published_time":"2024-06-11T16:09:24+00:00","article_modified_time":"2024-06-11T16:34:01+00:00","og_image":[{"width":1589,"height":848,"url":"https:\/\/content.www.institutomaxilofacial.com\/wp-content\/uploads\/2024\/06\/A919ar7uf_1hj4fcy_me0-copia-3.jpg","type":"image\/jpeg"}],"author":"Instituto Maxilofacial","twitter_card":"summary_large_image","twitter_misc":{"Escrito por":"Instituto Maxilofacial","Tiempo de lectura":"3 minutos"},"schema":{"@context":"https:\/\/schema.org","@graph":[{"@type":"Article","@id":"https:\/\/content.www.institutomaxilofacial.com\/es\/2024\/06\/11\/que-es-la-barcelona-line\/#article","isPartOf":{"@id":"https:\/\/content.www.institutomaxilofacial.com\/es\/2024\/06\/11\/que-es-la-barcelona-line\/"},"author":{"name":"Instituto Maxilofacial","@id":"https:\/\/content.www.institutomaxilofacial.com\/ca\/#\/schema\/person\/e2337174d7361f36490eda6be8bcce62"},"headline":"\u00bfQu\u00e9 es la L\u00ednea de Barcelona?","datePublished":"2024-06-11T16:09:24+00:00","dateModified":"2024-06-11T16:34:01+00:00","mainEntityOfPage":{"@id":"https:\/\/content.www.institutomaxilofacial.com\/es\/2024\/06\/11\/que-es-la-barcelona-line\/"},"wordCount":940,"image":{"@id":"https:\/\/content.www.institutomaxilofacial.com\/es\/2024\/06\/11\/que-es-la-barcelona-line\/#primaryimage"},"thumbnailUrl":"https:\/\/content.www.institutomaxilofacial.com\/wp-content\/uploads\/2024\/06\/A919ar7uf_1hj4fcy_me0-copia-3.jpg","keywords":["Barcelona Line","Cirug\u00eda ortogn\u00e1tica"],"articleSection":["Cirug\u00eda Ortogn\u00e1tica","Noticias"],"inLanguage":"es"},{"@type":"WebPage","@id":"https:\/\/content.www.institutomaxilofacial.com\/es\/2024\/06\/11\/que-es-la-barcelona-line\/","url":"https:\/\/content.www.institutomaxilofacial.com\/es\/2024\/06\/11\/que-es-la-barcelona-line\/","name":"\u00bfQu\u00e9 es la L\u00ednea de Barcelona? - Instituto Maxilofacial","isPartOf":{"@id":"https:\/\/content.www.institutomaxilofacial.com\/ca\/#website"},"primaryImageOfPage":{"@id":"https:\/\/content.www.institutomaxilofacial.com\/es\/2024\/06\/11\/que-es-la-barcelona-line\/#primaryimage"},"image":{"@id":"https:\/\/content.www.institutomaxilofacial.com\/es\/2024\/06\/11\/que-es-la-barcelona-line\/#primaryimage"},"thumbnailUrl":"https:\/\/content.www.institutomaxilofacial.com\/wp-content\/uploads\/2024\/06\/A919ar7uf_1hj4fcy_me0-copia-3.jpg","datePublished":"2024-06-11T16:09:24+00:00","dateModified":"2024-06-11T16:34:01+00:00","author":{"@id":"https:\/\/content.www.institutomaxilofacial.com\/ca\/#\/schema\/person\/e2337174d7361f36490eda6be8bcce62"},"description":"{:es}\u00bfQu\u00e9 es la Barcelona Line y c\u00f3mo se relaciona con la belleza? Exploramos esta nueva referencia para cirug\u00edas maxilo-mandibulares.{:}","breadcrumb":{"@id":"https:\/\/content.www.institutomaxilofacial.com\/es\/2024\/06\/11\/que-es-la-barcelona-line\/#breadcrumb"},"inLanguage":"es","potentialAction":[{"@type":"ReadAction","target":["https:\/\/content.www.institutomaxilofacial.com\/es\/2024\/06\/11\/que-es-la-barcelona-line\/"]}]},{"@type":"ImageObject","inLanguage":"es","@id":"https:\/\/content.www.institutomaxilofacial.com\/es\/2024\/06\/11\/que-es-la-barcelona-line\/#primaryimage","url":"https:\/\/content.www.institutomaxilofacial.com\/wp-content\/uploads\/2024\/06\/A919ar7uf_1hj4fcy_me0-copia-3.jpg","contentUrl":"https:\/\/content.www.institutomaxilofacial.com\/wp-content\/uploads\/2024\/06\/A919ar7uf_1hj4fcy_me0-copia-3.jpg","width":1589,"height":848},{"@type":"BreadcrumbList","@id":"https:\/\/content.www.institutomaxilofacial.com\/es\/2024\/06\/11\/que-es-la-barcelona-line\/#breadcrumb","itemListElement":[{"@type":"ListItem","position":1,"name":"Portada","item":"https:\/\/content.www.institutomaxilofacial.com\/es\/"},{"@type":"ListItem","position":2,"name":"\u00bfQu\u00e9 es la L\u00ednea de Barcelona?"}]},{"@type":"WebSite","@id":"https:\/\/content.www.institutomaxilofacial.com\/ca\/#website","url":"https:\/\/content.www.institutomaxilofacial.com\/ca\/","name":"Instituto Maxilofacial","description":"Expertos en Cirug\u00eda Ortogn\u00e1tica y Ortofacial.  Precisi\u00f3n, experiencia y pasi\u00f3n por la innovaci\u00f3n","potentialAction":[{"@type":"SearchAction","target":{"@type":"EntryPoint","urlTemplate":"https:\/\/content.www.institutomaxilofacial.com\/ca\/?s={search_term_string}"},"query-input":{"@type":"PropertyValueSpecification","valueRequired":true,"valueName":"search_term_string"}}],"inLanguage":"es"},{"@type":"Person","@id":"https:\/\/content.www.institutomaxilofacial.com\/ca\/#\/schema\/person\/e2337174d7361f36490eda6be8bcce62","name":"Instituto Maxilofacial","image":{"@type":"ImageObject","inLanguage":"es","@id":"https:\/\/secure.gravatar.com\/avatar\/a93fb58195b0f9073068e913f44ad5ef6a4c6112c7c5cfa4472664485276a4cd?s=96&d=mm&r=g","url":"https:\/\/secure.gravatar.com\/avatar\/a93fb58195b0f9073068e913f44ad5ef6a4c6112c7c5cfa4472664485276a4cd?s=96&d=mm&r=g","contentUrl":"https:\/\/secure.gravatar.com\/avatar\/a93fb58195b0f9073068e913f44ad5ef6a4c6112c7c5cfa4472664485276a4cd?s=96&d=mm&r=g","caption":"Instituto Maxilofacial"},"description":"El Instituto Maxilofacial es uno de los centros m\u00e1s innovadores a nivel internacional en cirug\u00eda oral y maxilofacial. Sus especialistas, todos ellos profesores universitarios, han desarrollado numerosas t\u00e9cnicas y protocolos quir\u00fargicos, y ponen al servicio del paciente los tratamientos m\u00e1s vanguardistas con la tecnolog\u00eda m\u00e1s moderna.","url":"https:\/\/content.www.institutomaxilofacial.com\/es\/author\/imaxilofacial\/"}]}},"meta_box":{"post-excerpt":""},"_links":{"self":[{"href":"https:\/\/content.www.institutomaxilofacial.com\/es\/wp-json\/wp\/v2\/posts\/14774","targetHints":{"allow":["GET"]}}],"collection":[{"href":"https:\/\/content.www.institutomaxilofacial.com\/es\/wp-json\/wp\/v2\/posts"}],"about":[{"href":"https:\/\/content.www.institutomaxilofacial.com\/es\/wp-json\/wp\/v2\/types\/post"}],"author":[{"embeddable":true,"href":"https:\/\/content.www.institutomaxilofacial.com\/es\/wp-json\/wp\/v2\/users\/6"}],"replies":[{"embeddable":true,"href":"https:\/\/content.www.institutomaxilofacial.com\/es\/wp-json\/wp\/v2\/comments?post=14774"}],"version-history":[{"count":19,"href":"https:\/\/content.www.institutomaxilofacial.com\/es\/wp-json\/wp\/v2\/posts\/14774\/revisions"}],"predecessor-version":[{"id":14797,"href":"https:\/\/content.www.institutomaxilofacial.com\/es\/wp-json\/wp\/v2\/posts\/14774\/revisions\/14797"}],"wp:featuredmedia":[{"embeddable":true,"href":"https:\/\/content.www.institutomaxilofacial.com\/es\/wp-json\/wp\/v2\/media\/14780"}],"wp:attachment":[{"href":"https:\/\/content.www.institutomaxilofacial.com\/es\/wp-json\/wp\/v2\/media?parent=14774"}],"wp:term":[{"taxonomy":"category","embeddable":true,"href":"https:\/\/content.www.institutomaxilofacial.com\/es\/wp-json\/wp\/v2\/categories?post=14774"},{"taxonomy":"post_tag","embeddable":true,"href":"https:\/\/content.www.institutomaxilofacial.com\/es\/wp-json\/wp\/v2\/tags?post=14774"}],"curies":[{"name":"wp","href":"https:\/\/api.w.org\/{rel}","templated":true}]}}