{"id":15280,"date":"2025-04-29T14:06:05","date_gmt":"2025-04-29T12:06:05","guid":{"rendered":"https:\/\/content.www.institutomaxilofacial.com\/es\/?p=15280"},"modified":"2025-04-29T15:40:06","modified_gmt":"2025-04-29T13:40:06","slug":"prof-hernandez-alfaro-entre-los-cinco-mejores-cirujanos-orales-y-maxilofaciales-de-espana-segun-sus-colegas","status":"publish","type":"post","link":"https:\/\/content.www.institutomaxilofacial.com\/es\/2025\/04\/29\/prof-hernandez-alfaro-entre-los-cinco-mejores-cirujanos-orales-y-maxilofaciales-de-espana-segun-sus-colegas\/","title":{"rendered":"Prof. Hern\u00e1ndez Alfaro, entre los cinco mejores cirujanos orales y maxilofaciales de Espa\u00f1a seg\u00fan sus colegas de profesi\u00f3n"},"content":{"rendered":"<div class=\"kk-star-ratings kksr-auto kksr-align-right kksr-valign-top\"\n    data-payload='{&quot;align&quot;:&quot;right&quot;,&quot;id&quot;:&quot;15280&quot;,&quot;slug&quot;:&quot;default&quot;,&quot;valign&quot;:&quot;top&quot;,&quot;ignore&quot;:&quot;&quot;,&quot;reference&quot;:&quot;auto&quot;,&quot;class&quot;:&quot;&quot;,&quot;count&quot;:&quot;0&quot;,&quot;legendonly&quot;:&quot;&quot;,&quot;readonly&quot;:&quot;&quot;,&quot;score&quot;:&quot;0&quot;,&quot;starsonly&quot;:&quot;&quot;,&quot;best&quot;:&quot;5&quot;,&quot;gap&quot;:&quot;5&quot;,&quot;greet&quot;:&quot;Rate this post&quot;,&quot;legend&quot;:&quot;0\\\/5 - (0 votos)&quot;,&quot;size&quot;:&quot;30&quot;,&quot;title&quot;:&quot;Prof. Hern\u00e1ndez Alfaro, entre los cinco mejores cirujanos orales y maxilofaciales de Espa\u00f1a seg\u00fan sus colegas de profesi\u00f3n&quot;,&quot;width&quot;:&quot;0&quot;,&quot;_legend&quot;:&quot;{score}\\\/{best} - ({count} {votes})&quot;,&quot;font_factor&quot;:&quot;1.25&quot;}'>\n            \n<div class=\"kksr-stars\">\n    \n<div class=\"kksr-stars-inactive\">\n            <div class=\"kksr-star\" data-star=\"1\" style=\"padding-right: 5px\">\n            \n\n<div class=\"kksr-icon\" style=\"width: 30px; height: 30px;\"><\/div>\n        <\/div>\n            <div class=\"kksr-star\" data-star=\"2\" style=\"padding-right: 5px\">\n            \n\n<div class=\"kksr-icon\" style=\"width: 30px; height: 30px;\"><\/div>\n        <\/div>\n            <div class=\"kksr-star\" data-star=\"3\" style=\"padding-right: 5px\">\n            \n\n<div class=\"kksr-icon\" style=\"width: 30px; height: 30px;\"><\/div>\n        <\/div>\n            <div class=\"kksr-star\" data-star=\"4\" style=\"padding-right: 5px\">\n            \n\n<div class=\"kksr-icon\" style=\"width: 30px; height: 30px;\"><\/div>\n        <\/div>\n            <div class=\"kksr-star\" data-star=\"5\" style=\"padding-right: 5px\">\n            \n\n<div class=\"kksr-icon\" style=\"width: 30px; height: 30px;\"><\/div>\n        <\/div>\n    <\/div>\n    \n<div class=\"kksr-stars-active\" style=\"width: 0px;\">\n            <div class=\"kksr-star\" style=\"padding-right: 5px\">\n            \n\n<div class=\"kksr-icon\" style=\"width: 30px; height: 30px;\"><\/div>\n        <\/div>\n            <div class=\"kksr-star\" style=\"padding-right: 5px\">\n            \n\n<div class=\"kksr-icon\" style=\"width: 30px; height: 30px;\"><\/div>\n        <\/div>\n            <div class=\"kksr-star\" style=\"padding-right: 5px\">\n            \n\n<div class=\"kksr-icon\" style=\"width: 30px; height: 30px;\"><\/div>\n        <\/div>\n            <div class=\"kksr-star\" style=\"padding-right: 5px\">\n            \n\n<div class=\"kksr-icon\" style=\"width: 30px; height: 30px;\"><\/div>\n        <\/div>\n            <div class=\"kksr-star\" style=\"padding-right: 5px\">\n            \n\n<div class=\"kksr-icon\" style=\"width: 30px; height: 30px;\"><\/div>\n        <\/div>\n    <\/div>\n<\/div>\n                \n\n<div class=\"kksr-legend\" style=\"font-size: 24px;\">\n            <span class=\"kksr-muted\">Rate this post<\/span>\n    <\/div>\n    <\/div>\n<p>Cuando son los propios profesionales quienes reconocen la excelencia de un colega, ese m\u00e9rito tiene un valor incalculable. As\u00ed lo demuestra el \u00faltimo <a href=\"https:\/\/mrs.merco.info\/?op=mapa-medicos-especialistas\" target=\"_blank\" rel=\"noopener\">ranking del Monitor de Reputaci\u00f3n Sanitaria (MRS)<\/a>, elaborado por Merco, que recoge a <a href=\"https:\/\/www.abc.es\/salud\/enfermedades\/mejores-cirujanos-orales-maxilofaciales-espanoles-elegidos-companeros-20250429045257-nt.html?fbclid=PAZXh0bgNhZW0CMTEAAafMI7boOeWbmTDY-9lLWuEs7nPG6xp8e0EmovfpVnatblzabEvYtxLAbabJuw_aem_PCIfcfJ6C3M-wqDM7qEF9Q&amp;ref=https%3A%2F%2Fwww.abc.es%2Fsalud%2Fenfermedades%2Fmejores-cirujanos-orales-maxilofaciales-espanoles-elegidos-companeros-20250429045257-nt.html%3Ffbclid%3DPAZXh0bgNhZW0CMTEAAafMI7boOeWbmTDY-9lLWuEs7nPG6xp8e0EmovfpVnatblzabEvYtxLAbabJuw_aem_PCIfcfJ6C3M-wqDM7qEF9Q\" target=\"_blank\" rel=\"noopener\">los cinco cirujanos orales y maxilofaciales m\u00e1s valorados de Espa\u00f1a<\/a>. Entre ellos, y en una posici\u00f3n destacada, se encuentra nuestro Director, el Profesor Federico Hern\u00e1ndez Alfaro.<\/p>\n<p>Este reconocimiento es especialmente significativo porque no proviene del p\u00fablico general, sino de quienes conocen en profundidad los retos t\u00e9cnicos, cient\u00edficos y humanos de la cirug\u00eda oral y maxilofacial: otros m\u00e9dicos. En concreto, <strong>el listado se elabora gracias a la participaci\u00f3n de m\u00e1s de 6.000 profesionales sanitarios, adem\u00e1s de responsables del sector farmac\u00e9utico.<\/strong><\/p>\n<blockquote><p><strong>El prestigio no se compra, se gana<\/strong><\/p><\/blockquote>\n<p>El <a href=\"https:\/\/www.institutomaxilofacial.com\/es\/dr-federico-hernandez-alfaro\/\" target=\"_blank\" rel=\"noopener\">Prof. Hern\u00e1ndez Alfaro<\/a> no solo lidera el Departamento de Cirug\u00eda Oral y Maxilofacial del Centro M\u00e9dico Teknon \u2013 Quir\u00f3nsalud, sino que tambi\u00e9n es director m\u00e9dico del Instituto Maxilofacial. Adem\u00e1s de su pr\u00e1ctica cl\u00ednica, su vocaci\u00f3n docente lo ha llevado a ser catedr\u00e1tico y jefe del Departamento de Cirug\u00eda Oral y Maxilofacial de la Universidad Internacional de Catalu\u00f1a (UIC), donde forma a nuevas generaciones de cirujanos con el mismo rigor y pasi\u00f3n que aplica en cada intervenci\u00f3n.<\/p>\n<p>El Prof. Hern\u00e1ndez Alfaro no solo destaca por su habilidad quir\u00fargica, sino tambi\u00e9n por su compromiso con la investigaci\u00f3n y la innovaci\u00f3n. Forma parte del comit\u00e9 editorial de publicaciones cient\u00edficas de referencia como el European Journal of Oral Implantology y la Revista Espa\u00f1ola de Cirug\u00eda Oral y Maxilofacial, lo que reafirma su influencia en el desarrollo de nuevas t\u00e9cnicas y enfoques en su especialidad.<\/p>\n<p><strong>Desde Barcelona, el Dr. Hern\u00e1ndez Alfaro se posiciona como un referente internacional que lleva el nombre de la ciudad a lo m\u00e1s alto del panorama m\u00e9dico europeo<\/strong>. Su inclusi\u00f3n en este ranking no es una sorpresa para quienes conocen su trayectoria, pero s\u00ed una alegr\u00eda compartida por quienes trabajamos junto a \u00e9l cada d\u00eda.<\/p>\n<p>&nbsp;<\/p>\n<p><em><strong>Contenido relacionado:<\/strong><\/em><\/p>\n<p><a href=\"https:\/\/www.institutomaxilofacial.com\/es\/2024\/10\/03\/prof-hernandez-alfaro-entre-los-mejores-cientificos-del-mundo-por-tercer-ano-consecutivo\/\">Prof. Hern\u00e1ndez Alfaro, entre los mejores cient\u00edficos del mundo por tercer a\u00f1o consecutivo<\/a><\/p>\n<p><a href=\"https:\/\/www.institutomaxilofacial.com\/es\/2023\/03\/06\/el-prof-hernandez-alfaro-en-la-revista-gq\/\">El Prof. Hernandez Alfaro en la revista GQ<\/a><\/p>\n<p><a href=\"https:\/\/www.institutomaxilofacial.com\/es\/2019\/11\/20\/prof-hernandez-alfaro-recibe-el-top-doctors-awards-2019\/\">Prof. Hernandez Alfaro, elegido uno de los 8 mejores especialistas de Catalu\u00f1a<\/a><\/p>","protected":false},"excerpt":{"rendered":"<p>Cuando son los propios profesionales quienes reconocen la excelencia de un colega, ese m\u00e9rito tiene un valor incalculable. As\u00ed lo demuestra el \u00faltimo ranking del Monitor de Reputaci\u00f3n Sanitaria (MRS), elaborado por Merco, que recoge a los cinco cirujanos orales y maxilofaciales m\u00e1s valorados de &#8230;<\/p>\n","protected":false},"author":6,"featured_media":15281,"comment_status":"closed","ping_status":"closed","sticky":false,"template":"","format":"standard","meta":{"footnotes":""},"categories":[52],"tags":[152,707],"class_list":["post-15280","post","type-post","status-publish","format-standard","has-post-thumbnail","hentry","category-noticias","tag-hernandez-alfaro","tag-reconocimientos"],"yoast_head":"<!-- This site is optimized with the Yoast SEO plugin v27.4 - https:\/\/yoast.com\/product\/yoast-seo-wordpress\/ -->\n<title>Prof. Hern\u00e1ndez Alfaro, entre los cinco mejores cirujanos orales y maxilofaciales de Espa\u00f1a seg\u00fan sus colegas de profesi\u00f3n - Instituto Maxilofacial<\/title>\n<meta name=\"description\" content=\"El Dr. Federico Hern\u00e1ndez Alfaro, l\u00edder en cirug\u00eda maxilofacial, reconocido entre los 5 mejores especialistas de Espa\u00f1a seg\u00fan el MRS 2025.\" \/>\n<meta name=\"robots\" content=\"index, follow, max-snippet:-1, max-image-preview:large, max-video-preview:-1\" \/>\n<link rel=\"canonical\" href=\"https:\/\/content.www.institutomaxilofacial.com\/es\/wp-json\/wp\/v2\/posts\/15280\/\" \/>\n<meta property=\"og:locale\" content=\"es_ES\" \/>\n<meta property=\"og:type\" content=\"article\" \/>\n<meta property=\"og:title\" content=\"Prof. Hern\u00e1ndez Alfaro, entre los cinco mejores cirujanos orales y maxilofaciales de Espa\u00f1a seg\u00fan sus colegas de profesi\u00f3n - Instituto Maxilofacial\" \/>\n<meta property=\"og:description\" content=\"{:es}El Dr. Federico Hern\u00e1ndez Alfaro, l\u00edder en cirug\u00eda maxilofacial, reconocido entre los 5 mejores especialistas de Espa\u00f1a seg\u00fan el MRS 2025.{:}\" \/>\n<meta property=\"og:url\" content=\"https:\/\/content.www.institutomaxilofacial.com\/es\/2025\/04\/29\/prof-hernandez-alfaro-entre-los-cinco-mejores-cirujanos-orales-y-maxilofaciales-de-espana-segun-sus-colegas\/\" \/>\n<meta property=\"og:site_name\" content=\"Instituto Maxilofacial\" \/>\n<meta property=\"article:published_time\" content=\"2025-04-29T12:06:05+00:00\" \/>\n<meta property=\"article:modified_time\" content=\"2025-04-29T13:40:06+00:00\" \/>\n<meta property=\"og:image\" content=\"https:\/\/content.www.institutomaxilofacial.com\/wp-content\/uploads\/2025\/04\/003.jpg\" \/>\n\t<meta property=\"og:image:width\" content=\"1600\" \/>\n\t<meta property=\"og:image:height\" content=\"1068\" \/>\n\t<meta property=\"og:image:type\" content=\"image\/jpeg\" \/>\n<meta name=\"author\" content=\"Instituto Maxilofacial\" \/>\n<meta name=\"twitter:card\" content=\"summary_large_image\" \/>\n<meta name=\"twitter:label1\" content=\"Escrito por\" \/>\n\t<meta name=\"twitter:data1\" content=\"Instituto Maxilofacial\" \/>\n\t<meta name=\"twitter:label2\" content=\"Tiempo de lectura\" \/>\n\t<meta name=\"twitter:data2\" content=\"2 minutos\" \/>\n<script type=\"application\/ld+json\" class=\"yoast-schema-graph\">{\"@context\":\"https:\\\/\\\/schema.org\",\"@graph\":[{\"@type\":\"Article\",\"@id\":\"https:\\\/\\\/content.www.institutomaxilofacial.com\\\/es\\\/2025\\\/04\\\/29\\\/prof-hernandez-alfaro-entre-los-cinco-mejores-cirujanos-orales-y-maxilofaciales-de-espana-segun-sus-colegas\\\/#article\",\"isPartOf\":{\"@id\":\"https:\\\/\\\/content.www.institutomaxilofacial.com\\\/es\\\/2025\\\/04\\\/29\\\/prof-hernandez-alfaro-entre-los-cinco-mejores-cirujanos-orales-y-maxilofaciales-de-espana-segun-sus-colegas\\\/\"},\"author\":{\"name\":\"Instituto Maxilofacial\",\"@id\":\"https:\\\/\\\/content.www.institutomaxilofacial.com\\\/ca\\\/#\\\/schema\\\/person\\\/e2337174d7361f36490eda6be8bcce62\"},\"headline\":\"Prof. Hern\u00e1ndez Alfaro, entre los cinco mejores cirujanos orales y maxilofaciales de Espa\u00f1a seg\u00fan sus colegas de profesi\u00f3n\",\"datePublished\":\"2025-04-29T12:06:05+00:00\",\"dateModified\":\"2025-04-29T13:40:06+00:00\",\"mainEntityOfPage\":{\"@id\":\"https:\\\/\\\/content.www.institutomaxilofacial.com\\\/es\\\/2025\\\/04\\\/29\\\/prof-hernandez-alfaro-entre-los-cinco-mejores-cirujanos-orales-y-maxilofaciales-de-espana-segun-sus-colegas\\\/\"},\"wordCount\":761,\"image\":{\"@id\":\"https:\\\/\\\/content.www.institutomaxilofacial.com\\\/es\\\/2025\\\/04\\\/29\\\/prof-hernandez-alfaro-entre-los-cinco-mejores-cirujanos-orales-y-maxilofaciales-de-espana-segun-sus-colegas\\\/#primaryimage\"},\"thumbnailUrl\":\"https:\\\/\\\/content.www.institutomaxilofacial.com\\\/wp-content\\\/uploads\\\/2025\\\/04\\\/003.jpg\",\"keywords\":[\"hernandez alfaro\",\"Reconocimientos\"],\"articleSection\":[\"Noticias\"],\"inLanguage\":\"es\"},{\"@type\":\"WebPage\",\"@id\":\"https:\\\/\\\/content.www.institutomaxilofacial.com\\\/es\\\/2025\\\/04\\\/29\\\/prof-hernandez-alfaro-entre-los-cinco-mejores-cirujanos-orales-y-maxilofaciales-de-espana-segun-sus-colegas\\\/\",\"url\":\"https:\\\/\\\/content.www.institutomaxilofacial.com\\\/es\\\/2025\\\/04\\\/29\\\/prof-hernandez-alfaro-entre-los-cinco-mejores-cirujanos-orales-y-maxilofaciales-de-espana-segun-sus-colegas\\\/\",\"name\":\"Prof. Hern\u00e1ndez Alfaro, entre los cinco mejores cirujanos orales y maxilofaciales de Espa\u00f1a seg\u00fan sus colegas de profesi\u00f3n - Instituto Maxilofacial\",\"isPartOf\":{\"@id\":\"https:\\\/\\\/content.www.institutomaxilofacial.com\\\/ca\\\/#website\"},\"primaryImageOfPage\":{\"@id\":\"https:\\\/\\\/content.www.institutomaxilofacial.com\\\/es\\\/2025\\\/04\\\/29\\\/prof-hernandez-alfaro-entre-los-cinco-mejores-cirujanos-orales-y-maxilofaciales-de-espana-segun-sus-colegas\\\/#primaryimage\"},\"image\":{\"@id\":\"https:\\\/\\\/content.www.institutomaxilofacial.com\\\/es\\\/2025\\\/04\\\/29\\\/prof-hernandez-alfaro-entre-los-cinco-mejores-cirujanos-orales-y-maxilofaciales-de-espana-segun-sus-colegas\\\/#primaryimage\"},\"thumbnailUrl\":\"https:\\\/\\\/content.www.institutomaxilofacial.com\\\/wp-content\\\/uploads\\\/2025\\\/04\\\/003.jpg\",\"datePublished\":\"2025-04-29T12:06:05+00:00\",\"dateModified\":\"2025-04-29T13:40:06+00:00\",\"author\":{\"@id\":\"https:\\\/\\\/content.www.institutomaxilofacial.com\\\/ca\\\/#\\\/schema\\\/person\\\/e2337174d7361f36490eda6be8bcce62\"},\"description\":\"{:es}El Dr. Federico Hern\u00e1ndez Alfaro, l\u00edder en cirug\u00eda maxilofacial, reconocido entre los 5 mejores especialistas de Espa\u00f1a seg\u00fan el MRS 2025.{:}\",\"breadcrumb\":{\"@id\":\"https:\\\/\\\/content.www.institutomaxilofacial.com\\\/es\\\/2025\\\/04\\\/29\\\/prof-hernandez-alfaro-entre-los-cinco-mejores-cirujanos-orales-y-maxilofaciales-de-espana-segun-sus-colegas\\\/#breadcrumb\"},\"inLanguage\":\"es\",\"potentialAction\":[{\"@type\":\"ReadAction\",\"target\":[\"https:\\\/\\\/content.www.institutomaxilofacial.com\\\/es\\\/2025\\\/04\\\/29\\\/prof-hernandez-alfaro-entre-los-cinco-mejores-cirujanos-orales-y-maxilofaciales-de-espana-segun-sus-colegas\\\/\"]}]},{\"@type\":\"ImageObject\",\"inLanguage\":\"es\",\"@id\":\"https:\\\/\\\/content.www.institutomaxilofacial.com\\\/es\\\/2025\\\/04\\\/29\\\/prof-hernandez-alfaro-entre-los-cinco-mejores-cirujanos-orales-y-maxilofaciales-de-espana-segun-sus-colegas\\\/#primaryimage\",\"url\":\"https:\\\/\\\/content.www.institutomaxilofacial.com\\\/wp-content\\\/uploads\\\/2025\\\/04\\\/003.jpg\",\"contentUrl\":\"https:\\\/\\\/content.www.institutomaxilofacial.com\\\/wp-content\\\/uploads\\\/2025\\\/04\\\/003.jpg\",\"width\":1600,\"height\":1068},{\"@type\":\"BreadcrumbList\",\"@id\":\"https:\\\/\\\/content.www.institutomaxilofacial.com\\\/es\\\/2025\\\/04\\\/29\\\/prof-hernandez-alfaro-entre-los-cinco-mejores-cirujanos-orales-y-maxilofaciales-de-espana-segun-sus-colegas\\\/#breadcrumb\",\"itemListElement\":[{\"@type\":\"ListItem\",\"position\":1,\"name\":\"Portada\",\"item\":\"https:\\\/\\\/content.www.institutomaxilofacial.com\\\/es\\\/\"},{\"@type\":\"ListItem\",\"position\":2,\"name\":\"Prof. Hern\u00e1ndez Alfaro, entre los cinco mejores cirujanos orales y maxilofaciales de Espa\u00f1a seg\u00fan sus colegas de profesi\u00f3n\"}]},{\"@type\":\"WebSite\",\"@id\":\"https:\\\/\\\/content.www.institutomaxilofacial.com\\\/ca\\\/#website\",\"url\":\"https:\\\/\\\/content.www.institutomaxilofacial.com\\\/ca\\\/\",\"name\":\"Instituto Maxilofacial\",\"description\":\"Expertos en Cirug\u00eda Ortogn\u00e1tica y Ortofacial.  Precisi\u00f3n, experiencia y pasi\u00f3n por la innovaci\u00f3n\",\"potentialAction\":[{\"@type\":\"SearchAction\",\"target\":{\"@type\":\"EntryPoint\",\"urlTemplate\":\"https:\\\/\\\/content.www.institutomaxilofacial.com\\\/ca\\\/?s={search_term_string}\"},\"query-input\":{\"@type\":\"PropertyValueSpecification\",\"valueRequired\":true,\"valueName\":\"search_term_string\"}}],\"inLanguage\":\"es\"},{\"@type\":\"Person\",\"@id\":\"https:\\\/\\\/content.www.institutomaxilofacial.com\\\/ca\\\/#\\\/schema\\\/person\\\/e2337174d7361f36490eda6be8bcce62\",\"name\":\"Instituto Maxilofacial\",\"image\":{\"@type\":\"ImageObject\",\"inLanguage\":\"es\",\"@id\":\"https:\\\/\\\/secure.gravatar.com\\\/avatar\\\/a93fb58195b0f9073068e913f44ad5ef6a4c6112c7c5cfa4472664485276a4cd?s=96&d=mm&r=g\",\"url\":\"https:\\\/\\\/secure.gravatar.com\\\/avatar\\\/a93fb58195b0f9073068e913f44ad5ef6a4c6112c7c5cfa4472664485276a4cd?s=96&d=mm&r=g\",\"contentUrl\":\"https:\\\/\\\/secure.gravatar.com\\\/avatar\\\/a93fb58195b0f9073068e913f44ad5ef6a4c6112c7c5cfa4472664485276a4cd?s=96&d=mm&r=g\",\"caption\":\"Instituto Maxilofacial\"},\"description\":\"El Instituto Maxilofacial es uno de los centros m\u00e1s innovadores a nivel internacional en cirug\u00eda oral y maxilofacial. Sus especialistas, todos ellos profesores universitarios, han desarrollado numerosas t\u00e9cnicas y protocolos quir\u00fargicos, y ponen al servicio del paciente los tratamientos m\u00e1s vanguardistas con la tecnolog\u00eda m\u00e1s moderna.\",\"url\":\"https:\\\/\\\/content.www.institutomaxilofacial.com\\\/es\\\/author\\\/imaxilofacial\\\/\"}]}<\/script>\n<!-- \/ Yoast SEO plugin. -->","yoast_head_json":{"title":"Prof. Hern\u00e1ndez Alfaro, entre los cinco mejores cirujanos orales y maxilofaciales de Espa\u00f1a seg\u00fan sus colegas de profesi\u00f3n - Instituto Maxilofacial","description":"El Dr. Federico Hern\u00e1ndez Alfaro, l\u00edder en cirug\u00eda maxilofacial, reconocido entre los 5 mejores especialistas de Espa\u00f1a seg\u00fan el MRS 2025.","robots":{"index":"index","follow":"follow","max-snippet":"max-snippet:-1","max-image-preview":"max-image-preview:large","max-video-preview":"max-video-preview:-1"},"canonical":"https:\/\/content.www.institutomaxilofacial.com\/es\/wp-json\/wp\/v2\/posts\/15280\/","og_locale":"es_ES","og_type":"article","og_title":"Prof. Hern\u00e1ndez Alfaro, entre los cinco mejores cirujanos orales y maxilofaciales de Espa\u00f1a seg\u00fan sus colegas de profesi\u00f3n - Instituto Maxilofacial","og_description":"{:es}El Dr. Federico Hern\u00e1ndez Alfaro, l\u00edder en cirug\u00eda maxilofacial, reconocido entre los 5 mejores especialistas de Espa\u00f1a seg\u00fan el MRS 2025.{:}","og_url":"https:\/\/content.www.institutomaxilofacial.com\/es\/2025\/04\/29\/prof-hernandez-alfaro-entre-los-cinco-mejores-cirujanos-orales-y-maxilofaciales-de-espana-segun-sus-colegas\/","og_site_name":"Instituto Maxilofacial","article_published_time":"2025-04-29T12:06:05+00:00","article_modified_time":"2025-04-29T13:40:06+00:00","og_image":[{"width":1600,"height":1068,"url":"https:\/\/content.www.institutomaxilofacial.com\/wp-content\/uploads\/2025\/04\/003.jpg","type":"image\/jpeg"}],"author":"Instituto Maxilofacial","twitter_card":"summary_large_image","twitter_misc":{"Escrito por":"Instituto Maxilofacial","Tiempo de lectura":"2 minutos"},"schema":{"@context":"https:\/\/schema.org","@graph":[{"@type":"Article","@id":"https:\/\/content.www.institutomaxilofacial.com\/es\/2025\/04\/29\/prof-hernandez-alfaro-entre-los-cinco-mejores-cirujanos-orales-y-maxilofaciales-de-espana-segun-sus-colegas\/#article","isPartOf":{"@id":"https:\/\/content.www.institutomaxilofacial.com\/es\/2025\/04\/29\/prof-hernandez-alfaro-entre-los-cinco-mejores-cirujanos-orales-y-maxilofaciales-de-espana-segun-sus-colegas\/"},"author":{"name":"Instituto Maxilofacial","@id":"https:\/\/content.www.institutomaxilofacial.com\/ca\/#\/schema\/person\/e2337174d7361f36490eda6be8bcce62"},"headline":"Prof. Hern\u00e1ndez Alfaro, entre los cinco mejores cirujanos orales y maxilofaciales de Espa\u00f1a seg\u00fan sus colegas de profesi\u00f3n","datePublished":"2025-04-29T12:06:05+00:00","dateModified":"2025-04-29T13:40:06+00:00","mainEntityOfPage":{"@id":"https:\/\/content.www.institutomaxilofacial.com\/es\/2025\/04\/29\/prof-hernandez-alfaro-entre-los-cinco-mejores-cirujanos-orales-y-maxilofaciales-de-espana-segun-sus-colegas\/"},"wordCount":761,"image":{"@id":"https:\/\/content.www.institutomaxilofacial.com\/es\/2025\/04\/29\/prof-hernandez-alfaro-entre-los-cinco-mejores-cirujanos-orales-y-maxilofaciales-de-espana-segun-sus-colegas\/#primaryimage"},"thumbnailUrl":"https:\/\/content.www.institutomaxilofacial.com\/wp-content\/uploads\/2025\/04\/003.jpg","keywords":["hernandez alfaro","Reconocimientos"],"articleSection":["Noticias"],"inLanguage":"es"},{"@type":"WebPage","@id":"https:\/\/content.www.institutomaxilofacial.com\/es\/2025\/04\/29\/prof-hernandez-alfaro-entre-los-cinco-mejores-cirujanos-orales-y-maxilofaciales-de-espana-segun-sus-colegas\/","url":"https:\/\/content.www.institutomaxilofacial.com\/es\/2025\/04\/29\/prof-hernandez-alfaro-entre-los-cinco-mejores-cirujanos-orales-y-maxilofaciales-de-espana-segun-sus-colegas\/","name":"Prof. Hern\u00e1ndez Alfaro, entre los cinco mejores cirujanos orales y maxilofaciales de Espa\u00f1a seg\u00fan sus colegas de profesi\u00f3n - Instituto Maxilofacial","isPartOf":{"@id":"https:\/\/content.www.institutomaxilofacial.com\/ca\/#website"},"primaryImageOfPage":{"@id":"https:\/\/content.www.institutomaxilofacial.com\/es\/2025\/04\/29\/prof-hernandez-alfaro-entre-los-cinco-mejores-cirujanos-orales-y-maxilofaciales-de-espana-segun-sus-colegas\/#primaryimage"},"image":{"@id":"https:\/\/content.www.institutomaxilofacial.com\/es\/2025\/04\/29\/prof-hernandez-alfaro-entre-los-cinco-mejores-cirujanos-orales-y-maxilofaciales-de-espana-segun-sus-colegas\/#primaryimage"},"thumbnailUrl":"https:\/\/content.www.institutomaxilofacial.com\/wp-content\/uploads\/2025\/04\/003.jpg","datePublished":"2025-04-29T12:06:05+00:00","dateModified":"2025-04-29T13:40:06+00:00","author":{"@id":"https:\/\/content.www.institutomaxilofacial.com\/ca\/#\/schema\/person\/e2337174d7361f36490eda6be8bcce62"},"description":"{:es}El Dr. Federico Hern\u00e1ndez Alfaro, l\u00edder en cirug\u00eda maxilofacial, reconocido entre los 5 mejores especialistas de Espa\u00f1a seg\u00fan el MRS 2025.{:}","breadcrumb":{"@id":"https:\/\/content.www.institutomaxilofacial.com\/es\/2025\/04\/29\/prof-hernandez-alfaro-entre-los-cinco-mejores-cirujanos-orales-y-maxilofaciales-de-espana-segun-sus-colegas\/#breadcrumb"},"inLanguage":"es","potentialAction":[{"@type":"ReadAction","target":["https:\/\/content.www.institutomaxilofacial.com\/es\/2025\/04\/29\/prof-hernandez-alfaro-entre-los-cinco-mejores-cirujanos-orales-y-maxilofaciales-de-espana-segun-sus-colegas\/"]}]},{"@type":"ImageObject","inLanguage":"es","@id":"https:\/\/content.www.institutomaxilofacial.com\/es\/2025\/04\/29\/prof-hernandez-alfaro-entre-los-cinco-mejores-cirujanos-orales-y-maxilofaciales-de-espana-segun-sus-colegas\/#primaryimage","url":"https:\/\/content.www.institutomaxilofacial.com\/wp-content\/uploads\/2025\/04\/003.jpg","contentUrl":"https:\/\/content.www.institutomaxilofacial.com\/wp-content\/uploads\/2025\/04\/003.jpg","width":1600,"height":1068},{"@type":"BreadcrumbList","@id":"https:\/\/content.www.institutomaxilofacial.com\/es\/2025\/04\/29\/prof-hernandez-alfaro-entre-los-cinco-mejores-cirujanos-orales-y-maxilofaciales-de-espana-segun-sus-colegas\/#breadcrumb","itemListElement":[{"@type":"ListItem","position":1,"name":"Portada","item":"https:\/\/content.www.institutomaxilofacial.com\/es\/"},{"@type":"ListItem","position":2,"name":"Prof. Hern\u00e1ndez Alfaro, entre los cinco mejores cirujanos orales y maxilofaciales de Espa\u00f1a seg\u00fan sus colegas de profesi\u00f3n"}]},{"@type":"WebSite","@id":"https:\/\/content.www.institutomaxilofacial.com\/ca\/#website","url":"https:\/\/content.www.institutomaxilofacial.com\/ca\/","name":"Instituto Maxilofacial","description":"Expertos en Cirug\u00eda Ortogn\u00e1tica y Ortofacial.  Precisi\u00f3n, experiencia y pasi\u00f3n por la innovaci\u00f3n","potentialAction":[{"@type":"SearchAction","target":{"@type":"EntryPoint","urlTemplate":"https:\/\/content.www.institutomaxilofacial.com\/ca\/?s={search_term_string}"},"query-input":{"@type":"PropertyValueSpecification","valueRequired":true,"valueName":"search_term_string"}}],"inLanguage":"es"},{"@type":"Person","@id":"https:\/\/content.www.institutomaxilofacial.com\/ca\/#\/schema\/person\/e2337174d7361f36490eda6be8bcce62","name":"Instituto Maxilofacial","image":{"@type":"ImageObject","inLanguage":"es","@id":"https:\/\/secure.gravatar.com\/avatar\/a93fb58195b0f9073068e913f44ad5ef6a4c6112c7c5cfa4472664485276a4cd?s=96&d=mm&r=g","url":"https:\/\/secure.gravatar.com\/avatar\/a93fb58195b0f9073068e913f44ad5ef6a4c6112c7c5cfa4472664485276a4cd?s=96&d=mm&r=g","contentUrl":"https:\/\/secure.gravatar.com\/avatar\/a93fb58195b0f9073068e913f44ad5ef6a4c6112c7c5cfa4472664485276a4cd?s=96&d=mm&r=g","caption":"Instituto Maxilofacial"},"description":"El Instituto Maxilofacial es uno de los centros m\u00e1s innovadores a nivel internacional en cirug\u00eda oral y maxilofacial. Sus especialistas, todos ellos profesores universitarios, han desarrollado numerosas t\u00e9cnicas y protocolos quir\u00fargicos, y ponen al servicio del paciente los tratamientos m\u00e1s vanguardistas con la tecnolog\u00eda m\u00e1s moderna.","url":"https:\/\/content.www.institutomaxilofacial.com\/es\/author\/imaxilofacial\/"}]}},"meta_box":{"post-excerpt":""},"_links":{"self":[{"href":"https:\/\/content.www.institutomaxilofacial.com\/es\/wp-json\/wp\/v2\/posts\/15280","targetHints":{"allow":["GET"]}}],"collection":[{"href":"https:\/\/content.www.institutomaxilofacial.com\/es\/wp-json\/wp\/v2\/posts"}],"about":[{"href":"https:\/\/content.www.institutomaxilofacial.com\/es\/wp-json\/wp\/v2\/types\/post"}],"author":[{"embeddable":true,"href":"https:\/\/content.www.institutomaxilofacial.com\/es\/wp-json\/wp\/v2\/users\/6"}],"replies":[{"embeddable":true,"href":"https:\/\/content.www.institutomaxilofacial.com\/es\/wp-json\/wp\/v2\/comments?post=15280"}],"version-history":[{"count":10,"href":"https:\/\/content.www.institutomaxilofacial.com\/es\/wp-json\/wp\/v2\/posts\/15280\/revisions"}],"predecessor-version":[{"id":15291,"href":"https:\/\/content.www.institutomaxilofacial.com\/es\/wp-json\/wp\/v2\/posts\/15280\/revisions\/15291"}],"wp:featuredmedia":[{"embeddable":true,"href":"https:\/\/content.www.institutomaxilofacial.com\/es\/wp-json\/wp\/v2\/media\/15281"}],"wp:attachment":[{"href":"https:\/\/content.www.institutomaxilofacial.com\/es\/wp-json\/wp\/v2\/media?parent=15280"}],"wp:term":[{"taxonomy":"category","embeddable":true,"href":"https:\/\/content.www.institutomaxilofacial.com\/es\/wp-json\/wp\/v2\/categories?post=15280"},{"taxonomy":"post_tag","embeddable":true,"href":"https:\/\/content.www.institutomaxilofacial.com\/es\/wp-json\/wp\/v2\/tags?post=15280"}],"curies":[{"name":"wp","href":"https:\/\/api.w.org\/{rel}","templated":true}]}}