{"id":6484,"date":"2016-08-08T15:10:03","date_gmt":"2016-08-08T15:10:03","guid":{"rendered":"https:\/\/content.www.institutomaxilofacial.com\/es\/?p=6484"},"modified":"2016-08-08T15:10:03","modified_gmt":"2016-08-08T15:10:03","slug":"5-consejos-las-vacaciones-tus-dientes","status":"publish","type":"post","link":"https:\/\/content.www.institutomaxilofacial.com\/es\/2016\/08\/08\/5-consejos-para-las-vacaciones-de-tus-dientes\/","title":{"rendered":"5 consejos para las vacaciones de tus dientes"},"content":{"rendered":"<div class=\"kk-star-ratings kksr-auto kksr-align-right kksr-valign-top\"\n    data-payload='{&quot;align&quot;:&quot;right&quot;,&quot;id&quot;:&quot;6484&quot;,&quot;slug&quot;:&quot;default&quot;,&quot;valign&quot;:&quot;top&quot;,&quot;ignore&quot;:&quot;&quot;,&quot;reference&quot;:&quot;auto&quot;,&quot;class&quot;:&quot;&quot;,&quot;count&quot;:&quot;0&quot;,&quot;legendonly&quot;:&quot;&quot;,&quot;readonly&quot;:&quot;&quot;,&quot;score&quot;:&quot;0&quot;,&quot;starsonly&quot;:&quot;&quot;,&quot;best&quot;:&quot;5&quot;,&quot;gap&quot;:&quot;5&quot;,&quot;greet&quot;:&quot;Rate this post&quot;,&quot;legend&quot;:&quot;0\\\/5 - (0 votos)&quot;,&quot;size&quot;:&quot;30&quot;,&quot;title&quot;:&quot;5 consejos para las vacaciones de tus dientes&quot;,&quot;width&quot;:&quot;0&quot;,&quot;_legend&quot;:&quot;{score}\\\/{best} - ({count} {votes})&quot;,&quot;font_factor&quot;:&quot;1.25&quot;}'>\n            \n<div class=\"kksr-stars\">\n    \n<div class=\"kksr-stars-inactive\">\n            <div class=\"kksr-star\" data-star=\"1\" style=\"padding-right: 5px\">\n            \n\n<div class=\"kksr-icon\" style=\"width: 30px; height: 30px;\"><\/div>\n        <\/div>\n            <div class=\"kksr-star\" data-star=\"2\" style=\"padding-right: 5px\">\n            \n\n<div class=\"kksr-icon\" style=\"width: 30px; height: 30px;\"><\/div>\n        <\/div>\n            <div class=\"kksr-star\" data-star=\"3\" style=\"padding-right: 5px\">\n            \n\n<div class=\"kksr-icon\" style=\"width: 30px; height: 30px;\"><\/div>\n        <\/div>\n            <div class=\"kksr-star\" data-star=\"4\" style=\"padding-right: 5px\">\n            \n\n<div class=\"kksr-icon\" style=\"width: 30px; height: 30px;\"><\/div>\n        <\/div>\n            <div class=\"kksr-star\" data-star=\"5\" style=\"padding-right: 5px\">\n            \n\n<div class=\"kksr-icon\" style=\"width: 30px; height: 30px;\"><\/div>\n        <\/div>\n    <\/div>\n    \n<div class=\"kksr-stars-active\" style=\"width: 0px;\">\n            <div class=\"kksr-star\" style=\"padding-right: 5px\">\n            \n\n<div class=\"kksr-icon\" style=\"width: 30px; height: 30px;\"><\/div>\n        <\/div>\n            <div class=\"kksr-star\" style=\"padding-right: 5px\">\n            \n\n<div class=\"kksr-icon\" style=\"width: 30px; height: 30px;\"><\/div>\n        <\/div>\n            <div class=\"kksr-star\" style=\"padding-right: 5px\">\n            \n\n<div class=\"kksr-icon\" style=\"width: 30px; height: 30px;\"><\/div>\n        <\/div>\n            <div class=\"kksr-star\" style=\"padding-right: 5px\">\n            \n\n<div class=\"kksr-icon\" style=\"width: 30px; height: 30px;\"><\/div>\n        <\/div>\n            <div class=\"kksr-star\" style=\"padding-right: 5px\">\n            \n\n<div class=\"kksr-icon\" style=\"width: 30px; height: 30px;\"><\/div>\n        <\/div>\n    <\/div>\n<\/div>\n                \n\n<div class=\"kksr-legend\" style=\"font-size: 24px;\">\n            <span class=\"kksr-muted\">Rate this post<\/span>\n    <\/div>\n    <\/div>\n<p>Las vacaciones son sin\u00f3nimo de felicidad, descanso y entretenimiento\u2026 Y a la vez, tambi\u00e9n, compa\u00f1eras de cambios en nuestros buenos h\u00e1bitos diarios. Comer entre horas, trasnochar, viajar\u2026son actividades que requieren poner especial atenci\u00f3n sobre nuestra <strong>salud bucodental<\/strong>.<\/p>\n<p>La <strong>Dra. Irene M\u00e9ndez<\/strong> te ofrece algunos consejos para mantener una buena salud oral mientras disfrutas de tus deseadas vacaciones:<\/p>\n<ol>\n<li>\n<blockquote><p>Las bebidas carbonatadas , deportivas y zumos c\u00edtricos pueden descalcificar el esmalte de los dientes y erosionarlo. Usa \u201c pajitas \u201c siempre que sea posible para minimizar los efectos perjudiciales de estas bebidas.<\/p><\/blockquote>\n<\/li>\n<li>\n<blockquote><p>Lleva siempre contigo un <strong>Kit de higiene oral en formato viaje con cepillo<\/strong>, pasta e hilo dental que te\u00a0permita mantener una\u00a0buena higiene en cualquier lugar del mundo.<\/p><\/blockquote>\n<\/li>\n<li>\n<blockquote><p>Evita la comida con<strong> alto contenido en az\u00facares<\/strong> entre horas. Intenta disfrutar de este tipo de alimentos de forma ordenada cuando puedas realizar una adecuada higiene oral.<\/p><\/blockquote>\n<\/li>\n<li>\n<blockquote><p>En verano, procura\u00a0<strong>mantenerte\u00a0hidratado<\/strong>, ya que la falta de agua en el organismo afecta directamente a la producci\u00f3n de saliva, siendo \u00e9sta una barrera eficaz contra las bacterias que habitan en los dientes.<\/p><\/blockquote>\n<\/li>\n<li>\n<blockquote><p>Recuerda que el consumo de <strong>bebidas muy fr\u00edas<\/strong> como granizados o helados pueden empeorar o desarrollar casos de sensibilidad dental.<\/p><\/blockquote>\n<\/li>\n<\/ol>\n<p>\u00bfTienes alguna duda sobre c\u00f3mo mantener la <strong>salud bucal<\/strong>? Deja tus comentarios en este post y la <strong>Dra. Irene M\u00e9ndez<\/strong> se pondr\u00e1 en contacto contigo lo antes posible.<\/p>","protected":false},"excerpt":{"rendered":"<p>Las vacaciones son sin\u00f3nimo de felicidad, descanso y entretenimiento\u2026 Y a la vez, tambi\u00e9n, compa\u00f1eras de cambios en nuestros buenos h\u00e1bitos diarios. Comer entre horas, trasnochar, viajar\u2026son actividades que requieren poner especial atenci\u00f3n sobre nuestra salud bucodental.<br \/>\nLa Dra. Irene M\u00e9ndez te ofrece algunos consejos para &#8230;<\/p>\n","protected":false},"author":6,"featured_media":6485,"comment_status":"open","ping_status":"open","sticky":false,"template":"","format":"standard","meta":{"footnotes":""},"categories":[1],"tags":[654,653,95,405],"class_list":["post-6484","post","type-post","status-publish","format-standard","has-post-thumbnail","hentry","category-sin-categoria","tag-estetica-dental","tag-kit-de-higiene-oral","tag-periodoncia","tag-salud-bucal"],"yoast_head":"<!-- This site is optimized with the Yoast SEO plugin v27.4 - https:\/\/yoast.com\/product\/yoast-seo-wordpress\/ -->\n<title>5 consejos para las vacaciones de tus dientes - Instituto Maxilofacial<\/title>\n<meta name=\"robots\" content=\"index, follow, max-snippet:-1, max-image-preview:large, max-video-preview:-1\" \/>\n<link rel=\"canonical\" href=\"https:\/\/content.www.institutomaxilofacial.com\/es\/wp-json\/wp\/v2\/posts\/6484\/\" \/>\n<meta property=\"og:locale\" content=\"es_ES\" \/>\n<meta property=\"og:type\" content=\"article\" \/>\n<meta property=\"og:title\" content=\"5 consejos para las vacaciones de tus dientes - Instituto Maxilofacial\" \/>\n<meta property=\"og:description\" content=\"Las vacaciones son sin\u00f3nimo de felicidad, descanso y entretenimiento\u2026 Y a la vez, tambi\u00e9n, compa\u00f1eras de cambios en nuestros buenos h\u00e1bitos diarios. Comer entre horas, trasnochar, viajar\u2026son actividades que requieren poner especial atenci\u00f3n sobre nuestra salud bucodental. La Dra. Irene M\u00e9ndez te ofrece algunos consejos para ...\" \/>\n<meta property=\"og:url\" content=\"https:\/\/content.www.institutomaxilofacial.com\/es\/2016\/08\/08\/5-consejos-para-las-vacaciones-de-tus-dientes\/\" \/>\n<meta property=\"og:site_name\" content=\"Instituto Maxilofacial\" \/>\n<meta property=\"article:published_time\" content=\"2016-08-08T15:10:03+00:00\" \/>\n<meta property=\"og:image\" content=\"https:\/\/content.www.institutomaxilofacial.com\/wp-content\/uploads\/2016\/08\/iStock_76056509_LARGE-1125x750.jpg\" \/>\n\t<meta property=\"og:image:width\" content=\"1125\" \/>\n\t<meta property=\"og:image:height\" content=\"750\" \/>\n\t<meta property=\"og:image:type\" content=\"image\/jpeg\" \/>\n<meta name=\"author\" content=\"Instituto Maxilofacial\" \/>\n<meta name=\"twitter:card\" content=\"summary_large_image\" \/>\n<meta name=\"twitter:label1\" content=\"Escrito por\" \/>\n\t<meta name=\"twitter:data1\" content=\"Instituto Maxilofacial\" \/>\n\t<meta name=\"twitter:label2\" content=\"Tiempo de lectura\" \/>\n\t<meta name=\"twitter:data2\" content=\"1 minuto\" \/>\n<script type=\"application\/ld+json\" class=\"yoast-schema-graph\">{\"@context\":\"https:\\\/\\\/schema.org\",\"@graph\":[{\"@type\":\"Article\",\"@id\":\"https:\\\/\\\/content.www.institutomaxilofacial.com\\\/es\\\/2016\\\/08\\\/08\\\/5-consejos-para-las-vacaciones-de-tus-dientes\\\/#article\",\"isPartOf\":{\"@id\":\"https:\\\/\\\/content.www.institutomaxilofacial.com\\\/es\\\/2016\\\/08\\\/08\\\/5-consejos-para-las-vacaciones-de-tus-dientes\\\/\"},\"author\":{\"name\":\"Instituto Maxilofacial\",\"@id\":\"https:\\\/\\\/content.www.institutomaxilofacial.com\\\/ca\\\/#\\\/schema\\\/person\\\/e2337174d7361f36490eda6be8bcce62\"},\"headline\":\"5 consejos para las vacaciones de tus dientes\",\"datePublished\":\"2016-08-08T15:10:03+00:00\",\"mainEntityOfPage\":{\"@id\":\"https:\\\/\\\/content.www.institutomaxilofacial.com\\\/es\\\/2016\\\/08\\\/08\\\/5-consejos-para-las-vacaciones-de-tus-dientes\\\/\"},\"wordCount\":268,\"commentCount\":0,\"image\":{\"@id\":\"https:\\\/\\\/content.www.institutomaxilofacial.com\\\/es\\\/2016\\\/08\\\/08\\\/5-consejos-para-las-vacaciones-de-tus-dientes\\\/#primaryimage\"},\"thumbnailUrl\":\"https:\\\/\\\/content.www.institutomaxilofacial.com\\\/wp-content\\\/uploads\\\/2016\\\/08\\\/iStock_76056509_LARGE.jpg\",\"keywords\":[\"Est\u00e9tica dental\",\"kit de higiene oral\",\"Periodoncia\",\"Salud Bucal\"],\"inLanguage\":\"es\"},{\"@type\":\"WebPage\",\"@id\":\"https:\\\/\\\/content.www.institutomaxilofacial.com\\\/es\\\/2016\\\/08\\\/08\\\/5-consejos-para-las-vacaciones-de-tus-dientes\\\/\",\"url\":\"https:\\\/\\\/content.www.institutomaxilofacial.com\\\/es\\\/2016\\\/08\\\/08\\\/5-consejos-para-las-vacaciones-de-tus-dientes\\\/\",\"name\":\"5 consejos para las vacaciones de tus dientes - Instituto Maxilofacial\",\"isPartOf\":{\"@id\":\"https:\\\/\\\/content.www.institutomaxilofacial.com\\\/ca\\\/#website\"},\"primaryImageOfPage\":{\"@id\":\"https:\\\/\\\/content.www.institutomaxilofacial.com\\\/es\\\/2016\\\/08\\\/08\\\/5-consejos-para-las-vacaciones-de-tus-dientes\\\/#primaryimage\"},\"image\":{\"@id\":\"https:\\\/\\\/content.www.institutomaxilofacial.com\\\/es\\\/2016\\\/08\\\/08\\\/5-consejos-para-las-vacaciones-de-tus-dientes\\\/#primaryimage\"},\"thumbnailUrl\":\"https:\\\/\\\/content.www.institutomaxilofacial.com\\\/wp-content\\\/uploads\\\/2016\\\/08\\\/iStock_76056509_LARGE.jpg\",\"datePublished\":\"2016-08-08T15:10:03+00:00\",\"author\":{\"@id\":\"https:\\\/\\\/content.www.institutomaxilofacial.com\\\/ca\\\/#\\\/schema\\\/person\\\/e2337174d7361f36490eda6be8bcce62\"},\"breadcrumb\":{\"@id\":\"https:\\\/\\\/content.www.institutomaxilofacial.com\\\/es\\\/2016\\\/08\\\/08\\\/5-consejos-para-las-vacaciones-de-tus-dientes\\\/#breadcrumb\"},\"inLanguage\":\"es\",\"potentialAction\":[{\"@type\":\"ReadAction\",\"target\":[\"https:\\\/\\\/content.www.institutomaxilofacial.com\\\/es\\\/2016\\\/08\\\/08\\\/5-consejos-para-las-vacaciones-de-tus-dientes\\\/\"]}]},{\"@type\":\"ImageObject\",\"inLanguage\":\"es\",\"@id\":\"https:\\\/\\\/content.www.institutomaxilofacial.com\\\/es\\\/2016\\\/08\\\/08\\\/5-consejos-para-las-vacaciones-de-tus-dientes\\\/#primaryimage\",\"url\":\"https:\\\/\\\/content.www.institutomaxilofacial.com\\\/wp-content\\\/uploads\\\/2016\\\/08\\\/iStock_76056509_LARGE.jpg\",\"contentUrl\":\"https:\\\/\\\/content.www.institutomaxilofacial.com\\\/wp-content\\\/uploads\\\/2016\\\/08\\\/iStock_76056509_LARGE.jpg\",\"width\":2715,\"height\":1810,\"caption\":\"Handsome girl in dress running and having fun in the field at sunset (intentional sun glare)\"},{\"@type\":\"BreadcrumbList\",\"@id\":\"https:\\\/\\\/content.www.institutomaxilofacial.com\\\/es\\\/2016\\\/08\\\/08\\\/5-consejos-para-las-vacaciones-de-tus-dientes\\\/#breadcrumb\",\"itemListElement\":[{\"@type\":\"ListItem\",\"position\":1,\"name\":\"Portada\",\"item\":\"https:\\\/\\\/content.www.institutomaxilofacial.com\\\/es\\\/\"},{\"@type\":\"ListItem\",\"position\":2,\"name\":\"5 consejos para las vacaciones de tus dientes\"}]},{\"@type\":\"WebSite\",\"@id\":\"https:\\\/\\\/content.www.institutomaxilofacial.com\\\/ca\\\/#website\",\"url\":\"https:\\\/\\\/content.www.institutomaxilofacial.com\\\/ca\\\/\",\"name\":\"Instituto Maxilofacial\",\"description\":\"Expertos en Cirug\u00eda Ortogn\u00e1tica y Ortofacial.  Precisi\u00f3n, experiencia y pasi\u00f3n por la innovaci\u00f3n\",\"potentialAction\":[{\"@type\":\"SearchAction\",\"target\":{\"@type\":\"EntryPoint\",\"urlTemplate\":\"https:\\\/\\\/content.www.institutomaxilofacial.com\\\/ca\\\/?s={search_term_string}\"},\"query-input\":{\"@type\":\"PropertyValueSpecification\",\"valueRequired\":true,\"valueName\":\"search_term_string\"}}],\"inLanguage\":\"es\"},{\"@type\":\"Person\",\"@id\":\"https:\\\/\\\/content.www.institutomaxilofacial.com\\\/ca\\\/#\\\/schema\\\/person\\\/e2337174d7361f36490eda6be8bcce62\",\"name\":\"Instituto Maxilofacial\",\"image\":{\"@type\":\"ImageObject\",\"inLanguage\":\"es\",\"@id\":\"https:\\\/\\\/secure.gravatar.com\\\/avatar\\\/a93fb58195b0f9073068e913f44ad5ef6a4c6112c7c5cfa4472664485276a4cd?s=96&d=mm&r=g\",\"url\":\"https:\\\/\\\/secure.gravatar.com\\\/avatar\\\/a93fb58195b0f9073068e913f44ad5ef6a4c6112c7c5cfa4472664485276a4cd?s=96&d=mm&r=g\",\"contentUrl\":\"https:\\\/\\\/secure.gravatar.com\\\/avatar\\\/a93fb58195b0f9073068e913f44ad5ef6a4c6112c7c5cfa4472664485276a4cd?s=96&d=mm&r=g\",\"caption\":\"Instituto Maxilofacial\"},\"description\":\"El Instituto Maxilofacial es uno de los centros m\u00e1s innovadores a nivel internacional en cirug\u00eda oral y maxilofacial. Sus especialistas, todos ellos profesores universitarios, han desarrollado numerosas t\u00e9cnicas y protocolos quir\u00fargicos, y ponen al servicio del paciente los tratamientos m\u00e1s vanguardistas con la tecnolog\u00eda m\u00e1s moderna.\",\"url\":\"https:\\\/\\\/content.www.institutomaxilofacial.com\\\/es\\\/author\\\/imaxilofacial\\\/\"}]}<\/script>\n<!-- \/ Yoast SEO plugin. -->","yoast_head_json":{"title":"5 consejos para las vacaciones de tus dientes - Instituto Maxilofacial","robots":{"index":"index","follow":"follow","max-snippet":"max-snippet:-1","max-image-preview":"max-image-preview:large","max-video-preview":"max-video-preview:-1"},"canonical":"https:\/\/content.www.institutomaxilofacial.com\/es\/wp-json\/wp\/v2\/posts\/6484\/","og_locale":"es_ES","og_type":"article","og_title":"5 consejos para las vacaciones de tus dientes - Instituto Maxilofacial","og_description":"Las vacaciones son sin\u00f3nimo de felicidad, descanso y entretenimiento\u2026 Y a la vez, tambi\u00e9n, compa\u00f1eras de cambios en nuestros buenos h\u00e1bitos diarios. Comer entre horas, trasnochar, viajar\u2026son actividades que requieren poner especial atenci\u00f3n sobre nuestra salud bucodental. La Dra. Irene M\u00e9ndez te ofrece algunos consejos para ...","og_url":"https:\/\/content.www.institutomaxilofacial.com\/es\/2016\/08\/08\/5-consejos-para-las-vacaciones-de-tus-dientes\/","og_site_name":"Instituto Maxilofacial","article_published_time":"2016-08-08T15:10:03+00:00","og_image":[{"width":1125,"height":750,"url":"https:\/\/content.www.institutomaxilofacial.com\/wp-content\/uploads\/2016\/08\/iStock_76056509_LARGE-1125x750.jpg","type":"image\/jpeg"}],"author":"Instituto Maxilofacial","twitter_card":"summary_large_image","twitter_misc":{"Escrito por":"Instituto Maxilofacial","Tiempo de lectura":"1 minuto"},"schema":{"@context":"https:\/\/schema.org","@graph":[{"@type":"Article","@id":"https:\/\/content.www.institutomaxilofacial.com\/es\/2016\/08\/08\/5-consejos-para-las-vacaciones-de-tus-dientes\/#article","isPartOf":{"@id":"https:\/\/content.www.institutomaxilofacial.com\/es\/2016\/08\/08\/5-consejos-para-las-vacaciones-de-tus-dientes\/"},"author":{"name":"Instituto Maxilofacial","@id":"https:\/\/content.www.institutomaxilofacial.com\/ca\/#\/schema\/person\/e2337174d7361f36490eda6be8bcce62"},"headline":"5 consejos para las vacaciones de tus dientes","datePublished":"2016-08-08T15:10:03+00:00","mainEntityOfPage":{"@id":"https:\/\/content.www.institutomaxilofacial.com\/es\/2016\/08\/08\/5-consejos-para-las-vacaciones-de-tus-dientes\/"},"wordCount":268,"commentCount":0,"image":{"@id":"https:\/\/content.www.institutomaxilofacial.com\/es\/2016\/08\/08\/5-consejos-para-las-vacaciones-de-tus-dientes\/#primaryimage"},"thumbnailUrl":"https:\/\/content.www.institutomaxilofacial.com\/wp-content\/uploads\/2016\/08\/iStock_76056509_LARGE.jpg","keywords":["Est\u00e9tica dental","kit de higiene oral","Periodoncia","Salud Bucal"],"inLanguage":"es"},{"@type":"WebPage","@id":"https:\/\/content.www.institutomaxilofacial.com\/es\/2016\/08\/08\/5-consejos-para-las-vacaciones-de-tus-dientes\/","url":"https:\/\/content.www.institutomaxilofacial.com\/es\/2016\/08\/08\/5-consejos-para-las-vacaciones-de-tus-dientes\/","name":"5 consejos para las vacaciones de tus dientes - Instituto Maxilofacial","isPartOf":{"@id":"https:\/\/content.www.institutomaxilofacial.com\/ca\/#website"},"primaryImageOfPage":{"@id":"https:\/\/content.www.institutomaxilofacial.com\/es\/2016\/08\/08\/5-consejos-para-las-vacaciones-de-tus-dientes\/#primaryimage"},"image":{"@id":"https:\/\/content.www.institutomaxilofacial.com\/es\/2016\/08\/08\/5-consejos-para-las-vacaciones-de-tus-dientes\/#primaryimage"},"thumbnailUrl":"https:\/\/content.www.institutomaxilofacial.com\/wp-content\/uploads\/2016\/08\/iStock_76056509_LARGE.jpg","datePublished":"2016-08-08T15:10:03+00:00","author":{"@id":"https:\/\/content.www.institutomaxilofacial.com\/ca\/#\/schema\/person\/e2337174d7361f36490eda6be8bcce62"},"breadcrumb":{"@id":"https:\/\/content.www.institutomaxilofacial.com\/es\/2016\/08\/08\/5-consejos-para-las-vacaciones-de-tus-dientes\/#breadcrumb"},"inLanguage":"es","potentialAction":[{"@type":"ReadAction","target":["https:\/\/content.www.institutomaxilofacial.com\/es\/2016\/08\/08\/5-consejos-para-las-vacaciones-de-tus-dientes\/"]}]},{"@type":"ImageObject","inLanguage":"es","@id":"https:\/\/content.www.institutomaxilofacial.com\/es\/2016\/08\/08\/5-consejos-para-las-vacaciones-de-tus-dientes\/#primaryimage","url":"https:\/\/content.www.institutomaxilofacial.com\/wp-content\/uploads\/2016\/08\/iStock_76056509_LARGE.jpg","contentUrl":"https:\/\/content.www.institutomaxilofacial.com\/wp-content\/uploads\/2016\/08\/iStock_76056509_LARGE.jpg","width":2715,"height":1810,"caption":"Handsome girl in dress running and having fun in the field at sunset (intentional sun glare)"},{"@type":"BreadcrumbList","@id":"https:\/\/content.www.institutomaxilofacial.com\/es\/2016\/08\/08\/5-consejos-para-las-vacaciones-de-tus-dientes\/#breadcrumb","itemListElement":[{"@type":"ListItem","position":1,"name":"Portada","item":"https:\/\/content.www.institutomaxilofacial.com\/es\/"},{"@type":"ListItem","position":2,"name":"5 consejos para las vacaciones de tus dientes"}]},{"@type":"WebSite","@id":"https:\/\/content.www.institutomaxilofacial.com\/ca\/#website","url":"https:\/\/content.www.institutomaxilofacial.com\/ca\/","name":"Instituto Maxilofacial","description":"Expertos en Cirug\u00eda Ortogn\u00e1tica y Ortofacial.  Precisi\u00f3n, experiencia y pasi\u00f3n por la innovaci\u00f3n","potentialAction":[{"@type":"SearchAction","target":{"@type":"EntryPoint","urlTemplate":"https:\/\/content.www.institutomaxilofacial.com\/ca\/?s={search_term_string}"},"query-input":{"@type":"PropertyValueSpecification","valueRequired":true,"valueName":"search_term_string"}}],"inLanguage":"es"},{"@type":"Person","@id":"https:\/\/content.www.institutomaxilofacial.com\/ca\/#\/schema\/person\/e2337174d7361f36490eda6be8bcce62","name":"Instituto Maxilofacial","image":{"@type":"ImageObject","inLanguage":"es","@id":"https:\/\/secure.gravatar.com\/avatar\/a93fb58195b0f9073068e913f44ad5ef6a4c6112c7c5cfa4472664485276a4cd?s=96&d=mm&r=g","url":"https:\/\/secure.gravatar.com\/avatar\/a93fb58195b0f9073068e913f44ad5ef6a4c6112c7c5cfa4472664485276a4cd?s=96&d=mm&r=g","contentUrl":"https:\/\/secure.gravatar.com\/avatar\/a93fb58195b0f9073068e913f44ad5ef6a4c6112c7c5cfa4472664485276a4cd?s=96&d=mm&r=g","caption":"Instituto Maxilofacial"},"description":"El Instituto Maxilofacial es uno de los centros m\u00e1s innovadores a nivel internacional en cirug\u00eda oral y maxilofacial. Sus especialistas, todos ellos profesores universitarios, han desarrollado numerosas t\u00e9cnicas y protocolos quir\u00fargicos, y ponen al servicio del paciente los tratamientos m\u00e1s vanguardistas con la tecnolog\u00eda m\u00e1s moderna.","url":"https:\/\/content.www.institutomaxilofacial.com\/es\/author\/imaxilofacial\/"}]}},"meta_box":{"post-excerpt":""},"_links":{"self":[{"href":"https:\/\/content.www.institutomaxilofacial.com\/es\/wp-json\/wp\/v2\/posts\/6484","targetHints":{"allow":["GET"]}}],"collection":[{"href":"https:\/\/content.www.institutomaxilofacial.com\/es\/wp-json\/wp\/v2\/posts"}],"about":[{"href":"https:\/\/content.www.institutomaxilofacial.com\/es\/wp-json\/wp\/v2\/types\/post"}],"author":[{"embeddable":true,"href":"https:\/\/content.www.institutomaxilofacial.com\/es\/wp-json\/wp\/v2\/users\/6"}],"replies":[{"embeddable":true,"href":"https:\/\/content.www.institutomaxilofacial.com\/es\/wp-json\/wp\/v2\/comments?post=6484"}],"version-history":[{"count":2,"href":"https:\/\/content.www.institutomaxilofacial.com\/es\/wp-json\/wp\/v2\/posts\/6484\/revisions"}],"predecessor-version":[{"id":6487,"href":"https:\/\/content.www.institutomaxilofacial.com\/es\/wp-json\/wp\/v2\/posts\/6484\/revisions\/6487"}],"wp:featuredmedia":[{"embeddable":true,"href":"https:\/\/content.www.institutomaxilofacial.com\/es\/wp-json\/wp\/v2\/media\/6485"}],"wp:attachment":[{"href":"https:\/\/content.www.institutomaxilofacial.com\/es\/wp-json\/wp\/v2\/media?parent=6484"}],"wp:term":[{"taxonomy":"category","embeddable":true,"href":"https:\/\/content.www.institutomaxilofacial.com\/es\/wp-json\/wp\/v2\/categories?post=6484"},{"taxonomy":"post_tag","embeddable":true,"href":"https:\/\/content.www.institutomaxilofacial.com\/es\/wp-json\/wp\/v2\/tags?post=6484"}],"curies":[{"name":"wp","href":"https:\/\/api.w.org\/{rel}","templated":true}]}}