{"id":6992,"date":"2017-02-02T14:38:11","date_gmt":"2017-02-02T14:38:11","guid":{"rendered":"https:\/\/content.www.institutomaxilofacial.com\/es\/?p=6992"},"modified":"2017-02-02T14:38:11","modified_gmt":"2017-02-02T14:38:11","slug":"la-belleza-simetrica","status":"publish","type":"post","link":"https:\/\/content.www.institutomaxilofacial.com\/es\/2017\/02\/02\/la-belleza-es-simetrica\/","title":{"rendered":"La Belleza es sim\u00e9trica"},"content":{"rendered":"<div class=\"kk-star-ratings kksr-auto kksr-align-right kksr-valign-top\"\n    data-payload='{&quot;align&quot;:&quot;right&quot;,&quot;id&quot;:&quot;6992&quot;,&quot;slug&quot;:&quot;default&quot;,&quot;valign&quot;:&quot;top&quot;,&quot;ignore&quot;:&quot;&quot;,&quot;reference&quot;:&quot;auto&quot;,&quot;class&quot;:&quot;&quot;,&quot;count&quot;:&quot;0&quot;,&quot;legendonly&quot;:&quot;&quot;,&quot;readonly&quot;:&quot;&quot;,&quot;score&quot;:&quot;0&quot;,&quot;starsonly&quot;:&quot;&quot;,&quot;best&quot;:&quot;5&quot;,&quot;gap&quot;:&quot;5&quot;,&quot;greet&quot;:&quot;Rate this post&quot;,&quot;legend&quot;:&quot;0\\\/5 - (0 votos)&quot;,&quot;size&quot;:&quot;30&quot;,&quot;title&quot;:&quot;La Belleza es sim\u00e9trica&quot;,&quot;width&quot;:&quot;0&quot;,&quot;_legend&quot;:&quot;{score}\\\/{best} - ({count} {votes})&quot;,&quot;font_factor&quot;:&quot;1.25&quot;}'>\n            \n<div class=\"kksr-stars\">\n    \n<div class=\"kksr-stars-inactive\">\n            <div class=\"kksr-star\" data-star=\"1\" style=\"padding-right: 5px\">\n            \n\n<div class=\"kksr-icon\" style=\"width: 30px; height: 30px;\"><\/div>\n        <\/div>\n            <div class=\"kksr-star\" data-star=\"2\" style=\"padding-right: 5px\">\n            \n\n<div class=\"kksr-icon\" style=\"width: 30px; height: 30px;\"><\/div>\n        <\/div>\n            <div class=\"kksr-star\" data-star=\"3\" style=\"padding-right: 5px\">\n            \n\n<div class=\"kksr-icon\" style=\"width: 30px; height: 30px;\"><\/div>\n        <\/div>\n            <div class=\"kksr-star\" data-star=\"4\" style=\"padding-right: 5px\">\n            \n\n<div class=\"kksr-icon\" style=\"width: 30px; height: 30px;\"><\/div>\n        <\/div>\n            <div class=\"kksr-star\" data-star=\"5\" style=\"padding-right: 5px\">\n            \n\n<div class=\"kksr-icon\" style=\"width: 30px; height: 30px;\"><\/div>\n        <\/div>\n    <\/div>\n    \n<div class=\"kksr-stars-active\" style=\"width: 0px;\">\n            <div class=\"kksr-star\" style=\"padding-right: 5px\">\n            \n\n<div class=\"kksr-icon\" style=\"width: 30px; height: 30px;\"><\/div>\n        <\/div>\n            <div class=\"kksr-star\" style=\"padding-right: 5px\">\n            \n\n<div class=\"kksr-icon\" style=\"width: 30px; height: 30px;\"><\/div>\n        <\/div>\n            <div class=\"kksr-star\" style=\"padding-right: 5px\">\n            \n\n<div class=\"kksr-icon\" style=\"width: 30px; height: 30px;\"><\/div>\n        <\/div>\n            <div class=\"kksr-star\" style=\"padding-right: 5px\">\n            \n\n<div class=\"kksr-icon\" style=\"width: 30px; height: 30px;\"><\/div>\n        <\/div>\n            <div class=\"kksr-star\" style=\"padding-right: 5px\">\n            \n\n<div class=\"kksr-icon\" style=\"width: 30px; height: 30px;\"><\/div>\n        <\/div>\n    <\/div>\n<\/div>\n                \n\n<div class=\"kksr-legend\" style=\"font-size: 24px;\">\n            <span class=\"kksr-muted\">Rate this post<\/span>\n    <\/div>\n    <\/div>\n<p>La Belleza humana es seguramente uno de los campos sobre los que m\u00e1s hemos hablado en nuestro blog. Nos fascina por su complejidad y su relaci\u00f3n especial con la ciencia y el arte.<\/p>\n<p>Como <strong>cirujanos maxilofaciales<\/strong> tambi\u00e9n hemos comprobado que es dif\u00edcil medir la belleza por la gran variabilidad de rostros bellos que existen.<\/p>\n<blockquote><p><strong>Sin embargo, s\u00ed que existen algunos elementos, que tienen que estar presentes para que la cara sea percibida como bella o arm\u00f3nica.<\/strong><\/p><\/blockquote>\n<p>Uno de ellos, es la <strong>simetr\u00eda<\/strong>, el \u00fanico par\u00e1metro facial que puede medirse \u201cobjetivamente\u201d. Las caras son sim\u00e9tricas o no lo son. Normalmente, las<strong> asimetr\u00edas faciales<\/strong> m\u00e1s importantes, est\u00e1n condicionadas por alteraciones en la posici\u00f3n o tama\u00f1o de la <strong>mand\u00edbula<\/strong>, y son m\u00e1s evidentes en la regi\u00f3n de ment\u00f3n o barbilla y en los \u00e1ngulos de la <strong>mand\u00edbula<\/strong>. Sin embargo, con frecuencia encontramos casos de <strong>asimetr\u00edas<\/strong> en la mand\u00edbula que, con suficiente tiempo de evoluci\u00f3n, acaban provocando <strong>asimetr\u00edas<\/strong> en el resto de la cara, por ejemplo, en los casos de <strong>hiperplasia mandibular<\/strong>. En fases iniciales, muchos de estos pacientes corrigen su asimetr\u00eda con <strong>cirug\u00edas de centrado<\/strong> y <strong>nivelaci\u00f3n<\/strong> de la <strong>mand\u00edbula<\/strong>. En fases tard\u00edas, la mayor\u00eda de ellos requerir\u00e1n un tratamiento quir\u00fargico <strong>bimaxilar<\/strong> (<strong>mand\u00edbula<\/strong> y <strong>maxilar<\/strong>).<\/p>\n<p>Por este motivo, si consideras o detectas que tienes una cara con un grado \u201cdetectable\u201d de <strong>asimetr\u00eda<\/strong> te recomendar\u00edamos que visitaras a un especialista en <strong>cirug\u00eda maxilofacial<\/strong>. El <strong>Dr. Hern\u00e1ndez Alfaro<\/strong>, director del centro, es pionero en<strong> cirug\u00eda ortofacial<\/strong> o <strong>cirug\u00eda est\u00e9tica del esqueleto facial<\/strong> y todas sus intervenciones se <strong>planifican en un entorno virtual 3D<\/strong> que proporciona la m\u00e1xima precisi\u00f3n en los resultados.<\/p>","protected":false},"excerpt":{"rendered":"<p>La Belleza humana es seguramente uno de los campos sobre los que m\u00e1s hemos hablado en nuestro blog. Nos fascina por su complejidad y su relaci\u00f3n especial con la ciencia y el arte.<br \/>\nComo cirujanos maxilofaciales tambi\u00e9n hemos comprobado que es dif\u00edcil medir la belleza por &#8230;<\/p>\n","protected":false},"author":6,"featured_media":6993,"comment_status":"open","ping_status":"open","sticky":false,"template":"","format":"standard","meta":{"footnotes":""},"categories":[53],"tags":[],"class_list":["post-6992","post","type-post","status-publish","format-standard","has-post-thumbnail","hentry","category-cirugia-ortognatica-estetica-facial"],"yoast_head":"<!-- This site is optimized with the Yoast SEO plugin v27.4 - https:\/\/yoast.com\/product\/yoast-seo-wordpress\/ -->\n<title>La Belleza es sim\u00e9trica - Instituto Maxilofacial<\/title>\n<meta name=\"robots\" content=\"index, follow, max-snippet:-1, max-image-preview:large, max-video-preview:-1\" \/>\n<link rel=\"canonical\" href=\"https:\/\/content.www.institutomaxilofacial.com\/es\/wp-json\/wp\/v2\/posts\/6992\/\" \/>\n<meta property=\"og:locale\" content=\"es_ES\" \/>\n<meta property=\"og:type\" content=\"article\" \/>\n<meta property=\"og:title\" content=\"La Belleza es sim\u00e9trica - Instituto Maxilofacial\" \/>\n<meta property=\"og:description\" content=\"La Belleza humana es seguramente uno de los campos sobre los que m\u00e1s hemos hablado en nuestro blog. Nos fascina por su complejidad y su relaci\u00f3n especial con la ciencia y el arte. Como cirujanos maxilofaciales tambi\u00e9n hemos comprobado que es dif\u00edcil medir la belleza por ...\" \/>\n<meta property=\"og:url\" content=\"https:\/\/content.www.institutomaxilofacial.com\/es\/2017\/02\/02\/la-belleza-es-simetrica\/\" \/>\n<meta property=\"og:site_name\" content=\"Instituto Maxilofacial\" \/>\n<meta property=\"article:published_time\" content=\"2017-02-02T14:38:11+00:00\" \/>\n<meta property=\"og:image\" content=\"https:\/\/content.www.institutomaxilofacial.com\/wp-content\/uploads\/2017\/02\/asimetria.jpg\" \/>\n\t<meta property=\"og:image:width\" content=\"800\" \/>\n\t<meta property=\"og:image:height\" content=\"800\" \/>\n\t<meta property=\"og:image:type\" content=\"image\/jpeg\" \/>\n<meta name=\"author\" content=\"Instituto Maxilofacial\" \/>\n<meta name=\"twitter:card\" content=\"summary_large_image\" \/>\n<meta name=\"twitter:label1\" content=\"Escrito por\" \/>\n\t<meta name=\"twitter:data1\" content=\"Instituto Maxilofacial\" \/>\n\t<meta name=\"twitter:label2\" content=\"Tiempo de lectura\" \/>\n\t<meta name=\"twitter:data2\" content=\"2 minutos\" \/>\n<script type=\"application\/ld+json\" class=\"yoast-schema-graph\">{\"@context\":\"https:\\\/\\\/schema.org\",\"@graph\":[{\"@type\":\"Article\",\"@id\":\"https:\\\/\\\/content.www.institutomaxilofacial.com\\\/es\\\/2017\\\/02\\\/02\\\/la-belleza-es-simetrica\\\/#article\",\"isPartOf\":{\"@id\":\"https:\\\/\\\/content.www.institutomaxilofacial.com\\\/es\\\/2017\\\/02\\\/02\\\/la-belleza-es-simetrica\\\/\"},\"author\":{\"name\":\"Instituto Maxilofacial\",\"@id\":\"https:\\\/\\\/content.www.institutomaxilofacial.com\\\/ca\\\/#\\\/schema\\\/person\\\/e2337174d7361f36490eda6be8bcce62\"},\"headline\":\"La Belleza es sim\u00e9trica\",\"datePublished\":\"2017-02-02T14:38:11+00:00\",\"mainEntityOfPage\":{\"@id\":\"https:\\\/\\\/content.www.institutomaxilofacial.com\\\/es\\\/2017\\\/02\\\/02\\\/la-belleza-es-simetrica\\\/\"},\"wordCount\":325,\"commentCount\":4,\"image\":{\"@id\":\"https:\\\/\\\/content.www.institutomaxilofacial.com\\\/es\\\/2017\\\/02\\\/02\\\/la-belleza-es-simetrica\\\/#primaryimage\"},\"thumbnailUrl\":\"https:\\\/\\\/content.www.institutomaxilofacial.com\\\/wp-content\\\/uploads\\\/2017\\\/02\\\/asimetria.jpg\",\"articleSection\":[\"Cirug\u00eda Ortogn\u00e1tica\"],\"inLanguage\":\"es\"},{\"@type\":\"WebPage\",\"@id\":\"https:\\\/\\\/content.www.institutomaxilofacial.com\\\/es\\\/2017\\\/02\\\/02\\\/la-belleza-es-simetrica\\\/\",\"url\":\"https:\\\/\\\/content.www.institutomaxilofacial.com\\\/es\\\/2017\\\/02\\\/02\\\/la-belleza-es-simetrica\\\/\",\"name\":\"La Belleza es sim\u00e9trica - Instituto Maxilofacial\",\"isPartOf\":{\"@id\":\"https:\\\/\\\/content.www.institutomaxilofacial.com\\\/ca\\\/#website\"},\"primaryImageOfPage\":{\"@id\":\"https:\\\/\\\/content.www.institutomaxilofacial.com\\\/es\\\/2017\\\/02\\\/02\\\/la-belleza-es-simetrica\\\/#primaryimage\"},\"image\":{\"@id\":\"https:\\\/\\\/content.www.institutomaxilofacial.com\\\/es\\\/2017\\\/02\\\/02\\\/la-belleza-es-simetrica\\\/#primaryimage\"},\"thumbnailUrl\":\"https:\\\/\\\/content.www.institutomaxilofacial.com\\\/wp-content\\\/uploads\\\/2017\\\/02\\\/asimetria.jpg\",\"datePublished\":\"2017-02-02T14:38:11+00:00\",\"author\":{\"@id\":\"https:\\\/\\\/content.www.institutomaxilofacial.com\\\/ca\\\/#\\\/schema\\\/person\\\/e2337174d7361f36490eda6be8bcce62\"},\"breadcrumb\":{\"@id\":\"https:\\\/\\\/content.www.institutomaxilofacial.com\\\/es\\\/2017\\\/02\\\/02\\\/la-belleza-es-simetrica\\\/#breadcrumb\"},\"inLanguage\":\"es\",\"potentialAction\":[{\"@type\":\"ReadAction\",\"target\":[\"https:\\\/\\\/content.www.institutomaxilofacial.com\\\/es\\\/2017\\\/02\\\/02\\\/la-belleza-es-simetrica\\\/\"]}]},{\"@type\":\"ImageObject\",\"inLanguage\":\"es\",\"@id\":\"https:\\\/\\\/content.www.institutomaxilofacial.com\\\/es\\\/2017\\\/02\\\/02\\\/la-belleza-es-simetrica\\\/#primaryimage\",\"url\":\"https:\\\/\\\/content.www.institutomaxilofacial.com\\\/wp-content\\\/uploads\\\/2017\\\/02\\\/asimetria.jpg\",\"contentUrl\":\"https:\\\/\\\/content.www.institutomaxilofacial.com\\\/wp-content\\\/uploads\\\/2017\\\/02\\\/asimetria.jpg\",\"width\":800,\"height\":800,\"caption\":\"asimetria facial\"},{\"@type\":\"BreadcrumbList\",\"@id\":\"https:\\\/\\\/content.www.institutomaxilofacial.com\\\/es\\\/2017\\\/02\\\/02\\\/la-belleza-es-simetrica\\\/#breadcrumb\",\"itemListElement\":[{\"@type\":\"ListItem\",\"position\":1,\"name\":\"Portada\",\"item\":\"https:\\\/\\\/content.www.institutomaxilofacial.com\\\/es\\\/\"},{\"@type\":\"ListItem\",\"position\":2,\"name\":\"La Belleza es sim\u00e9trica\"}]},{\"@type\":\"WebSite\",\"@id\":\"https:\\\/\\\/content.www.institutomaxilofacial.com\\\/ca\\\/#website\",\"url\":\"https:\\\/\\\/content.www.institutomaxilofacial.com\\\/ca\\\/\",\"name\":\"Instituto Maxilofacial\",\"description\":\"Expertos en Cirug\u00eda Ortogn\u00e1tica y Ortofacial.  Precisi\u00f3n, experiencia y pasi\u00f3n por la innovaci\u00f3n\",\"potentialAction\":[{\"@type\":\"SearchAction\",\"target\":{\"@type\":\"EntryPoint\",\"urlTemplate\":\"https:\\\/\\\/content.www.institutomaxilofacial.com\\\/ca\\\/?s={search_term_string}\"},\"query-input\":{\"@type\":\"PropertyValueSpecification\",\"valueRequired\":true,\"valueName\":\"search_term_string\"}}],\"inLanguage\":\"es\"},{\"@type\":\"Person\",\"@id\":\"https:\\\/\\\/content.www.institutomaxilofacial.com\\\/ca\\\/#\\\/schema\\\/person\\\/e2337174d7361f36490eda6be8bcce62\",\"name\":\"Instituto Maxilofacial\",\"image\":{\"@type\":\"ImageObject\",\"inLanguage\":\"es\",\"@id\":\"https:\\\/\\\/secure.gravatar.com\\\/avatar\\\/a93fb58195b0f9073068e913f44ad5ef6a4c6112c7c5cfa4472664485276a4cd?s=96&d=mm&r=g\",\"url\":\"https:\\\/\\\/secure.gravatar.com\\\/avatar\\\/a93fb58195b0f9073068e913f44ad5ef6a4c6112c7c5cfa4472664485276a4cd?s=96&d=mm&r=g\",\"contentUrl\":\"https:\\\/\\\/secure.gravatar.com\\\/avatar\\\/a93fb58195b0f9073068e913f44ad5ef6a4c6112c7c5cfa4472664485276a4cd?s=96&d=mm&r=g\",\"caption\":\"Instituto Maxilofacial\"},\"description\":\"El Instituto Maxilofacial es uno de los centros m\u00e1s innovadores a nivel internacional en cirug\u00eda oral y maxilofacial. Sus especialistas, todos ellos profesores universitarios, han desarrollado numerosas t\u00e9cnicas y protocolos quir\u00fargicos, y ponen al servicio del paciente los tratamientos m\u00e1s vanguardistas con la tecnolog\u00eda m\u00e1s moderna.\",\"url\":\"https:\\\/\\\/content.www.institutomaxilofacial.com\\\/es\\\/author\\\/imaxilofacial\\\/\"}]}<\/script>\n<!-- \/ Yoast SEO plugin. -->","yoast_head_json":{"title":"La Belleza es sim\u00e9trica - Instituto Maxilofacial","robots":{"index":"index","follow":"follow","max-snippet":"max-snippet:-1","max-image-preview":"max-image-preview:large","max-video-preview":"max-video-preview:-1"},"canonical":"https:\/\/content.www.institutomaxilofacial.com\/es\/wp-json\/wp\/v2\/posts\/6992\/","og_locale":"es_ES","og_type":"article","og_title":"La Belleza es sim\u00e9trica - Instituto Maxilofacial","og_description":"La Belleza humana es seguramente uno de los campos sobre los que m\u00e1s hemos hablado en nuestro blog. Nos fascina por su complejidad y su relaci\u00f3n especial con la ciencia y el arte. Como cirujanos maxilofaciales tambi\u00e9n hemos comprobado que es dif\u00edcil medir la belleza por ...","og_url":"https:\/\/content.www.institutomaxilofacial.com\/es\/2017\/02\/02\/la-belleza-es-simetrica\/","og_site_name":"Instituto Maxilofacial","article_published_time":"2017-02-02T14:38:11+00:00","og_image":[{"width":800,"height":800,"url":"https:\/\/content.www.institutomaxilofacial.com\/wp-content\/uploads\/2017\/02\/asimetria.jpg","type":"image\/jpeg"}],"author":"Instituto Maxilofacial","twitter_card":"summary_large_image","twitter_misc":{"Escrito por":"Instituto Maxilofacial","Tiempo de lectura":"2 minutos"},"schema":{"@context":"https:\/\/schema.org","@graph":[{"@type":"Article","@id":"https:\/\/content.www.institutomaxilofacial.com\/es\/2017\/02\/02\/la-belleza-es-simetrica\/#article","isPartOf":{"@id":"https:\/\/content.www.institutomaxilofacial.com\/es\/2017\/02\/02\/la-belleza-es-simetrica\/"},"author":{"name":"Instituto Maxilofacial","@id":"https:\/\/content.www.institutomaxilofacial.com\/ca\/#\/schema\/person\/e2337174d7361f36490eda6be8bcce62"},"headline":"La Belleza es sim\u00e9trica","datePublished":"2017-02-02T14:38:11+00:00","mainEntityOfPage":{"@id":"https:\/\/content.www.institutomaxilofacial.com\/es\/2017\/02\/02\/la-belleza-es-simetrica\/"},"wordCount":325,"commentCount":4,"image":{"@id":"https:\/\/content.www.institutomaxilofacial.com\/es\/2017\/02\/02\/la-belleza-es-simetrica\/#primaryimage"},"thumbnailUrl":"https:\/\/content.www.institutomaxilofacial.com\/wp-content\/uploads\/2017\/02\/asimetria.jpg","articleSection":["Cirug\u00eda Ortogn\u00e1tica"],"inLanguage":"es"},{"@type":"WebPage","@id":"https:\/\/content.www.institutomaxilofacial.com\/es\/2017\/02\/02\/la-belleza-es-simetrica\/","url":"https:\/\/content.www.institutomaxilofacial.com\/es\/2017\/02\/02\/la-belleza-es-simetrica\/","name":"La Belleza es sim\u00e9trica - Instituto Maxilofacial","isPartOf":{"@id":"https:\/\/content.www.institutomaxilofacial.com\/ca\/#website"},"primaryImageOfPage":{"@id":"https:\/\/content.www.institutomaxilofacial.com\/es\/2017\/02\/02\/la-belleza-es-simetrica\/#primaryimage"},"image":{"@id":"https:\/\/content.www.institutomaxilofacial.com\/es\/2017\/02\/02\/la-belleza-es-simetrica\/#primaryimage"},"thumbnailUrl":"https:\/\/content.www.institutomaxilofacial.com\/wp-content\/uploads\/2017\/02\/asimetria.jpg","datePublished":"2017-02-02T14:38:11+00:00","author":{"@id":"https:\/\/content.www.institutomaxilofacial.com\/ca\/#\/schema\/person\/e2337174d7361f36490eda6be8bcce62"},"breadcrumb":{"@id":"https:\/\/content.www.institutomaxilofacial.com\/es\/2017\/02\/02\/la-belleza-es-simetrica\/#breadcrumb"},"inLanguage":"es","potentialAction":[{"@type":"ReadAction","target":["https:\/\/content.www.institutomaxilofacial.com\/es\/2017\/02\/02\/la-belleza-es-simetrica\/"]}]},{"@type":"ImageObject","inLanguage":"es","@id":"https:\/\/content.www.institutomaxilofacial.com\/es\/2017\/02\/02\/la-belleza-es-simetrica\/#primaryimage","url":"https:\/\/content.www.institutomaxilofacial.com\/wp-content\/uploads\/2017\/02\/asimetria.jpg","contentUrl":"https:\/\/content.www.institutomaxilofacial.com\/wp-content\/uploads\/2017\/02\/asimetria.jpg","width":800,"height":800,"caption":"asimetria facial"},{"@type":"BreadcrumbList","@id":"https:\/\/content.www.institutomaxilofacial.com\/es\/2017\/02\/02\/la-belleza-es-simetrica\/#breadcrumb","itemListElement":[{"@type":"ListItem","position":1,"name":"Portada","item":"https:\/\/content.www.institutomaxilofacial.com\/es\/"},{"@type":"ListItem","position":2,"name":"La Belleza es sim\u00e9trica"}]},{"@type":"WebSite","@id":"https:\/\/content.www.institutomaxilofacial.com\/ca\/#website","url":"https:\/\/content.www.institutomaxilofacial.com\/ca\/","name":"Instituto Maxilofacial","description":"Expertos en Cirug\u00eda Ortogn\u00e1tica y Ortofacial.  Precisi\u00f3n, experiencia y pasi\u00f3n por la innovaci\u00f3n","potentialAction":[{"@type":"SearchAction","target":{"@type":"EntryPoint","urlTemplate":"https:\/\/content.www.institutomaxilofacial.com\/ca\/?s={search_term_string}"},"query-input":{"@type":"PropertyValueSpecification","valueRequired":true,"valueName":"search_term_string"}}],"inLanguage":"es"},{"@type":"Person","@id":"https:\/\/content.www.institutomaxilofacial.com\/ca\/#\/schema\/person\/e2337174d7361f36490eda6be8bcce62","name":"Instituto Maxilofacial","image":{"@type":"ImageObject","inLanguage":"es","@id":"https:\/\/secure.gravatar.com\/avatar\/a93fb58195b0f9073068e913f44ad5ef6a4c6112c7c5cfa4472664485276a4cd?s=96&d=mm&r=g","url":"https:\/\/secure.gravatar.com\/avatar\/a93fb58195b0f9073068e913f44ad5ef6a4c6112c7c5cfa4472664485276a4cd?s=96&d=mm&r=g","contentUrl":"https:\/\/secure.gravatar.com\/avatar\/a93fb58195b0f9073068e913f44ad5ef6a4c6112c7c5cfa4472664485276a4cd?s=96&d=mm&r=g","caption":"Instituto Maxilofacial"},"description":"El Instituto Maxilofacial es uno de los centros m\u00e1s innovadores a nivel internacional en cirug\u00eda oral y maxilofacial. Sus especialistas, todos ellos profesores universitarios, han desarrollado numerosas t\u00e9cnicas y protocolos quir\u00fargicos, y ponen al servicio del paciente los tratamientos m\u00e1s vanguardistas con la tecnolog\u00eda m\u00e1s moderna.","url":"https:\/\/content.www.institutomaxilofacial.com\/es\/author\/imaxilofacial\/"}]}},"meta_box":{"post-excerpt":""},"_links":{"self":[{"href":"https:\/\/content.www.institutomaxilofacial.com\/es\/wp-json\/wp\/v2\/posts\/6992","targetHints":{"allow":["GET"]}}],"collection":[{"href":"https:\/\/content.www.institutomaxilofacial.com\/es\/wp-json\/wp\/v2\/posts"}],"about":[{"href":"https:\/\/content.www.institutomaxilofacial.com\/es\/wp-json\/wp\/v2\/types\/post"}],"author":[{"embeddable":true,"href":"https:\/\/content.www.institutomaxilofacial.com\/es\/wp-json\/wp\/v2\/users\/6"}],"replies":[{"embeddable":true,"href":"https:\/\/content.www.institutomaxilofacial.com\/es\/wp-json\/wp\/v2\/comments?post=6992"}],"version-history":[{"count":4,"href":"https:\/\/content.www.institutomaxilofacial.com\/es\/wp-json\/wp\/v2\/posts\/6992\/revisions"}],"predecessor-version":[{"id":6997,"href":"https:\/\/content.www.institutomaxilofacial.com\/es\/wp-json\/wp\/v2\/posts\/6992\/revisions\/6997"}],"wp:featuredmedia":[{"embeddable":true,"href":"https:\/\/content.www.institutomaxilofacial.com\/es\/wp-json\/wp\/v2\/media\/6993"}],"wp:attachment":[{"href":"https:\/\/content.www.institutomaxilofacial.com\/es\/wp-json\/wp\/v2\/media?parent=6992"}],"wp:term":[{"taxonomy":"category","embeddable":true,"href":"https:\/\/content.www.institutomaxilofacial.com\/es\/wp-json\/wp\/v2\/categories?post=6992"},{"taxonomy":"post_tag","embeddable":true,"href":"https:\/\/content.www.institutomaxilofacial.com\/es\/wp-json\/wp\/v2\/tags?post=6992"}],"curies":[{"name":"wp","href":"https:\/\/api.w.org\/{rel}","templated":true}]}}